{"id":184786,"date":"2021-05-26T12:54:09","date_gmt":"2021-05-26T10:54:09","guid":{"rendered":"https:\/\/zjarr.tv\/?p=184786"},"modified":"2021-05-26T12:54:09","modified_gmt":"2021-05-26T10:54:09","slug":"mjeku-edvin-prifti-nen-hetim-per-korrupsion-i-sekuestrohet-pasuria-rikthehet-ne-detyre-si-pedagog","status":"publish","type":"post","link":"https:\/\/zjarr.tv\/en\/mjeku-edvin-prifti-nen-hetim-per-korrupsion-i-sekuestrohet-pasuria-rikthehet-ne-detyre-si-pedagog\/","title":{"rendered":"Mjeku Edvin Prifti n\u00ebn hetim p\u00ebr korrupsion i sekuestrohet pasuria, rikthehet n\u00eb detyr\u00eb si pedagog\u2026"},"content":{"rendered":"<p>Mjeku i njohur Edvin Prifti, \u00ebsht\u00eb rikthyer n\u00eb detyr\u00eb, si pedagog n\u00eb Universitetin e Mjek\u00ebsis\u00eb n\u00eb Tiran\u00eb.<\/p>\n<p>Kujtojm\u00eb se para disa dit\u00ebsh, Prokuroria e Posa\u00e7me Kund\u00ebr Korrupsionit i ka sekuestruar pasurin\u00eb e mjekut kardiolog, Edvin Prifti, i cili \u00ebsht\u00eb aktualisht n\u00eb hetim, pasi emri i tij doli n\u00eb dosjen kund\u00ebr gjyqtares s\u00eb Kruj\u00ebs, Enkelejda Hoxha.<\/p>\n<p>SPAK kund\u00ebr Priftit ka ngritur 2 akuza \u201cKorrupsioni pasiv i personave q\u00eb ushtrojn\u00eb funksione publike.<\/p>\n<p>Pas hetimeve Gjykata e Posa\u00e7me e Shkall\u00ebs s\u00eb Par\u00eb P\u00ebr Korrupsionin, ka vendosur sekuestro preventive mbi llogarit\u00eb bankare t\u00eb mjekut Prifti, ku jan\u00eb sekuestruar 51.479.368 Lek\u00eb dhe 177.497 Euro.<\/p>","protected":false},"excerpt":{"rendered":"<p>Mjeku i njohur Edvin Prifti, \u00ebsht\u00eb rikthyer n\u00eb detyr\u00eb, si pedagog n\u00eb Universitetin e Mjek\u00ebsis\u00eb n\u00eb Tiran\u00eb. Kujtojm\u00eb se para disa dit\u00ebsh, Prokuroria e Posa\u00e7me Kund\u00ebr Korrupsionit i ka sekuestruar pasurin\u00eb e mjekut kardiolog, Edvin Prifti, i cili \u00ebsht\u00eb aktualisht n\u00eb hetim, pasi emri i tij doli n\u00eb dosjen kund\u00ebr gjyqtares s\u00eb Kruj\u00ebs, Enkelejda Hoxha. [&hellip;]<\/p>\n","protected":false},"author":2016,"featured_media":184788,"comment_status":"closed","ping_status":"closed","sticky":false,"template":"","format":"standard","meta":{"footnotes":""},"categories":[241],"tags":[3316],"class_list":{"0":"post-184786","1":"post","2":"type-post","3":"status-publish","4":"format-standard","5":"has-post-thumbnail","7":"category-aktualitet","8":"tag-lajme-zjarr-prifti-rikthehet-ne-detyre-si-pedagog-zjarr-tv"},"_links":{"self":[{"href":"https:\/\/zjarr.tv\/en\/wp-json\/wp\/v2\/posts\/184786","targetHints":{"allow":["GET"]}}],"collection":[{"href":"https:\/\/zjarr.tv\/en\/wp-json\/wp\/v2\/posts"}],"about":[{"href":"https:\/\/zjarr.tv\/en\/wp-json\/wp\/v2\/types\/post"}],"author":[{"embeddable":true,"href":"https:\/\/zjarr.tv\/en\/wp-json\/wp\/v2\/users\/2016"}],"replies":[{"embeddable":true,"href":"https:\/\/zjarr.tv\/en\/wp-json\/wp\/v2\/comments?post=184786"}],"version-history":[{"count":0,"href":"https:\/\/zjarr.tv\/en\/wp-json\/wp\/v2\/posts\/184786\/revisions"}],"wp:featuredmedia":[{"embeddable":true,"href":"https:\/\/zjarr.tv\/en\/wp-json\/wp\/v2\/media\/184788"}],"wp:attachment":[{"href":"https:\/\/zjarr.tv\/en\/wp-json\/wp\/v2\/media?parent=184786"}],"wp:term":[{"taxonomy":"category","embeddable":true,"href":"https:\/\/zjarr.tv\/en\/wp-json\/wp\/v2\/categories?post=184786"},{"taxonomy":"post_tag","embeddable":true,"href":"https:\/\/zjarr.tv\/en\/wp-json\/wp\/v2\/tags?post=184786"}],"curies":[{"name":"wp","href":"https:\/\/api.w.org\/{rel}","templated":true}]}}