{"id":184790,"date":"2021-05-26T13:12:52","date_gmt":"2021-05-26T11:12:52","guid":{"rendered":"https:\/\/zjarr.tv\/?p=184790"},"modified":"2021-05-26T13:12:52","modified_gmt":"2021-05-26T11:12:52","slug":"neser-njoftohet-lehtesimi-i-masave-anti-covid","status":"publish","type":"post","link":"https:\/\/zjarr.tv\/en\/neser-njoftohet-lehtesimi-i-masave-anti-covid\/","title":{"rendered":"Nes\u00ebr njoftohet leht\u00ebsimi i masave anti-Covid"},"content":{"rendered":"<p>Dit\u00ebn e nes\u00ebrme, Komiteti Teknik i Ekspert\u00ebve i ngritur p\u00ebr situat\u00ebn e pandemis\u00eb, pritet t\u00eb njoftoj\u00eb leht\u00ebsimin e masave t\u00eb marra me q\u00ebllim parandalimin e p\u00ebrhapjes s\u00eb koronavirusit. Kjo u konfirmua gjat\u00eb nj\u00eb prononcimi p\u00ebr mediat t\u00eb ministres s\u00eb Sh\u00ebndet\u00ebsis\u00eb, Ogerta Manastirliu dhe kryeministrit Edi Rama.<\/p>\n<p>Manastirliu tha se vendimi p\u00ebr leht\u00ebsimin e masave vjen si rezultat i vijimit t\u00eb procesit t\u00eb vaksinimit masiv dhe p\u00ebrmir\u00ebsimit t\u00eb situat\u00ebs epidemiologjike n\u00eb vend.<\/p>\n<p>\u201cAjo q\u00eb mund t\u00eb shtoj \u00ebsht\u00eb se jemi n\u00eb nj\u00eb situat\u00eb optimale n\u00eb raport me planin e veprimit, por \u00ebsht\u00eb shum\u00eb shum\u00eb e r\u00ebnd\u00ebsishme, q\u00eb t\u00eb mos harrojm\u00eb se nuk kemi fiuar 100% rrug\u00ebn e daljes nga tuneli. Duhet t\u00eb vijojm\u00eb t\u00eb jemi t\u00eb kujdessh\u00ebm, nes\u00ebr Komiteti do t\u00eb dal\u00eb me planin e ri, me leht\u00ebsimin e m\u00ebtejsh\u00ebm t\u00eb masave, do t\u00eb p\u00ebrmbushet objektivi yn\u00eb p\u00ebr t\u00eb pasur nj\u00eb sezon t\u00eb mir\u00eb turistik\u201d, tha Rama.<\/p>\n<p>Ekspert\u00eb t\u00eb Sh\u00ebndet\u00ebsis\u00eb jan\u00eb shprehur publikisht se duke nisur nga situata epidemiologjike n\u00eb vend, duhet t\u00eb hiqet detyrimi i mbajtjes s\u00eb mask\u00ebs n\u00eb ambientet e jashtme si dhe orari.<\/p>","protected":false},"excerpt":{"rendered":"<p>Dit\u00ebn e nes\u00ebrme, Komiteti Teknik i Ekspert\u00ebve i ngritur p\u00ebr situat\u00ebn e pandemis\u00eb, pritet t\u00eb njoftoj\u00eb leht\u00ebsimin e masave t\u00eb marra me q\u00ebllim parandalimin e p\u00ebrhapjes s\u00eb koronavirusit. Kjo u konfirmua gjat\u00eb nj\u00eb prononcimi p\u00ebr mediat t\u00eb ministres s\u00eb Sh\u00ebndet\u00ebsis\u00eb, Ogerta Manastirliu dhe kryeministrit Edi Rama. Manastirliu tha se vendimi p\u00ebr leht\u00ebsimin e masave vjen [&hellip;]<\/p>\n","protected":false},"author":2030,"featured_media":184791,"comment_status":"closed","ping_status":"closed","sticky":false,"template":"","format":"standard","meta":{"footnotes":""},"categories":[241],"tags":[],"class_list":{"0":"post-184790","1":"post","2":"type-post","3":"status-publish","4":"format-standard","5":"has-post-thumbnail","7":"category-aktualitet"},"_links":{"self":[{"href":"https:\/\/zjarr.tv\/en\/wp-json\/wp\/v2\/posts\/184790","targetHints":{"allow":["GET"]}}],"collection":[{"href":"https:\/\/zjarr.tv\/en\/wp-json\/wp\/v2\/posts"}],"about":[{"href":"https:\/\/zjarr.tv\/en\/wp-json\/wp\/v2\/types\/post"}],"author":[{"embeddable":true,"href":"https:\/\/zjarr.tv\/en\/wp-json\/wp\/v2\/users\/2030"}],"replies":[{"embeddable":true,"href":"https:\/\/zjarr.tv\/en\/wp-json\/wp\/v2\/comments?post=184790"}],"version-history":[{"count":0,"href":"https:\/\/zjarr.tv\/en\/wp-json\/wp\/v2\/posts\/184790\/revisions"}],"wp:featuredmedia":[{"embeddable":true,"href":"https:\/\/zjarr.tv\/en\/wp-json\/wp\/v2\/media\/184791"}],"wp:attachment":[{"href":"https:\/\/zjarr.tv\/en\/wp-json\/wp\/v2\/media?parent=184790"}],"wp:term":[{"taxonomy":"category","embeddable":true,"href":"https:\/\/zjarr.tv\/en\/wp-json\/wp\/v2\/categories?post=184790"},{"taxonomy":"post_tag","embeddable":true,"href":"https:\/\/zjarr.tv\/en\/wp-json\/wp\/v2\/tags?post=184790"}],"curies":[{"name":"wp","href":"https:\/\/api.w.org\/{rel}","templated":true}]}}