{"id":184802,"date":"2021-05-26T13:27:50","date_gmt":"2021-05-26T11:27:50","guid":{"rendered":"https:\/\/zjarr.tv\/?p=184802"},"modified":"2021-05-26T13:27:50","modified_gmt":"2021-05-26T11:27:50","slug":"lisander-hoxha-nxjerr-prapaskenat-e-forta-nga-selia-blu-eshte-percaktuar-kryetari-jane-bere-gati-dy-torta-zbulon-dhe-emrin","status":"publish","type":"post","link":"https:\/\/zjarr.tv\/en\/lisander-hoxha-nxjerr-prapaskenat-e-forta-nga-selia-blu-eshte-percaktuar-kryetari-jane-bere-gati-dy-torta-zbulon-dhe-emrin\/","title":{"rendered":"Lisand\u00ebr Hoxha nxjerr prapaskenat e forta nga selia blu: \u00cbsht\u00eb p\u00ebrcaktuar kryetari, jan\u00eb b\u00ebr\u00eb gati dy torta, zbulon dhe emrin\u2026"},"content":{"rendered":"<p>Ish-n\u00ebnkryetari i FRPD-s\u00eb, Lisand\u00ebr Hoxha, shprehet i bindur se emri fitues i PD, \u00ebsht\u00eb p\u00ebrcaktuar. I ftuar n\u00eb emisionin \u201cBreaking\u201d, Hoxha shtoi se madje \u00ebsht\u00eb b\u00ebr\u00eb gati edhe torta.<\/p>\n<p><em>\u201c\u00cbsht\u00eb p\u00ebrgatitur fituesi, \u00ebsht\u00eb b\u00ebr\u00eb torta, kemi dy torta madje, nj\u00eb p\u00ebr 12 qershorin q\u00eb \u00ebsht\u00eb dit\u00eblindja e Bash\u00ebs e nj\u00eb p\u00ebr fitoren e tij. Jam i shqet\u00ebsuar p\u00ebr forc\u00ebn politike q\u00eb i dedikova 20 vite jet\u00eb\u201d<\/em>, \u2013 tha ish-n\u00ebnkryetari i FRPD-s\u00eb.<\/p>\n<p>Sipas tij, produkti i 13 qershorit duhet t\u00eb jet\u00eb produkt i PD-s\u00eb.\u00a0<em>\u201cKjo gar\u00eb p\u00ebr shkak t\u00eb rrethanave q\u00eb po zhvillohet, do t\u00eb jet\u00eb fundi i ciklit politik t\u00eb Partis\u00eb Demokratike\u201d<\/em>,- vijoi Hoxha.<\/p>\n<p>Ky i fundit zbuloi gjithashtu, se pse nuk kandidoi p\u00ebr kryetar t\u00eb PD-s\u00eb. Hoxha tha se i ka ikur nj\u00eb farse q\u00eb mund t\u00eb b\u00ebnte pis emrin e tij, apo edhe emrave t\u00eb tjer\u00eb t\u00eb denj\u00eb p\u00ebr gar\u00ebn.<\/p>\n<p>Ish-an\u00ebtari i FRPD-s\u00eb, u shpreh se n\u00eb zgjedhjet e 25 prillit, nuk i ka mundur Rama, por i kan\u00eb humbur vet\u00eb, nga m\u00ebnyra e organizimit t\u00eb tyre.<\/p>","protected":false},"excerpt":{"rendered":"<p>Ish-n\u00ebnkryetari i FRPD-s\u00eb, Lisand\u00ebr Hoxha, shprehet i bindur se emri fitues i PD, \u00ebsht\u00eb p\u00ebrcaktuar. I ftuar n\u00eb emisionin \u201cBreaking\u201d, Hoxha shtoi se madje \u00ebsht\u00eb b\u00ebr\u00eb gati edhe torta. \u201c\u00cbsht\u00eb p\u00ebrgatitur fituesi, \u00ebsht\u00eb b\u00ebr\u00eb torta, kemi dy torta madje, nj\u00eb p\u00ebr 12 qershorin q\u00eb \u00ebsht\u00eb dit\u00eblindja e Bash\u00ebs e nj\u00eb p\u00ebr fitoren e tij. Jam [&hellip;]<\/p>\n","protected":false},"author":2016,"featured_media":184804,"comment_status":"closed","ping_status":"closed","sticky":false,"template":"","format":"standard","meta":{"footnotes":""},"categories":[241,1454],"tags":[3317],"class_list":{"0":"post-184802","1":"post","2":"type-post","3":"status-publish","4":"format-standard","5":"has-post-thumbnail","7":"category-aktualitet","8":"category-politike","9":"tag-lajme-zjarr-lisander-hoxha-nxjerr-prapaskenat-zjarr-tv"},"_links":{"self":[{"href":"https:\/\/zjarr.tv\/en\/wp-json\/wp\/v2\/posts\/184802","targetHints":{"allow":["GET"]}}],"collection":[{"href":"https:\/\/zjarr.tv\/en\/wp-json\/wp\/v2\/posts"}],"about":[{"href":"https:\/\/zjarr.tv\/en\/wp-json\/wp\/v2\/types\/post"}],"author":[{"embeddable":true,"href":"https:\/\/zjarr.tv\/en\/wp-json\/wp\/v2\/users\/2016"}],"replies":[{"embeddable":true,"href":"https:\/\/zjarr.tv\/en\/wp-json\/wp\/v2\/comments?post=184802"}],"version-history":[{"count":0,"href":"https:\/\/zjarr.tv\/en\/wp-json\/wp\/v2\/posts\/184802\/revisions"}],"wp:featuredmedia":[{"embeddable":true,"href":"https:\/\/zjarr.tv\/en\/wp-json\/wp\/v2\/media\/184804"}],"wp:attachment":[{"href":"https:\/\/zjarr.tv\/en\/wp-json\/wp\/v2\/media?parent=184802"}],"wp:term":[{"taxonomy":"category","embeddable":true,"href":"https:\/\/zjarr.tv\/en\/wp-json\/wp\/v2\/categories?post=184802"},{"taxonomy":"post_tag","embeddable":true,"href":"https:\/\/zjarr.tv\/en\/wp-json\/wp\/v2\/tags?post=184802"}],"curies":[{"name":"wp","href":"https:\/\/api.w.org\/{rel}","templated":true}]}}