{"id":184805,"date":"2021-05-26T13:44:21","date_gmt":"2021-05-26T11:44:21","guid":{"rendered":"https:\/\/zjarr.tv\/?p=184805"},"modified":"2021-05-26T13:44:21","modified_gmt":"2021-05-26T11:44:21","slug":"pas-takimit-me-kurtin-abdixhiku-pa-shba-ne-sduhet-te-kete-dialog-me-serbine","status":"publish","type":"post","link":"https:\/\/zjarr.tv\/en\/pas-takimit-me-kurtin-abdixhiku-pa-shba-ne-sduhet-te-kete-dialog-me-serbine\/","title":{"rendered":"Pas takimit me Kurtin, Abdixhiku: Pa SHBA-n\u00eb s\u2019duhet t\u00eb ket\u00eb dialog me Serbin\u00eb"},"content":{"rendered":"<p>Kryetari i Lidhjes Demokratike t\u00eb Kosov\u00ebs (LDK), Lumir Abdixhiku, ka th\u00ebn\u00eb se pa pjes\u00ebmarrjen e Shteteve t\u00eb Bashkuara t\u00eb Amerik\u00ebs nuk duhet t\u00eb ket\u00eb dialog me Serbin\u00eb. K\u00ebto deklarata i pari i LDK-s\u00eb i ka b\u00ebr\u00eb nga oborri i Qeveris\u00eb s\u00eb Kosov\u00ebs, pas takimit q\u00eb zhvilloi t\u00eb m\u00ebrkur\u00ebn me kryeministrin e Kosov\u00ebs, Albin Kurti. \u201cPjes\u00ebmarrja e SHBA-s\u00eb \u00ebsht\u00eb e pakontestueshme. Pa pjes\u00ebmarrje t\u00eb SHBA-n\u00eb as q\u00eb duhet t\u00eb ket\u00eb dialog. Kosova vler\u00ebson rolin e BE-s\u00eb, por domosdoshm\u00ebrish e k\u00ebrkon p\u00ebrfshirjen e SHBA-s\u00eb n\u00eb dialog. Kjo \u00ebsht\u00eb e padiskutueshme\u201d, ka th\u00ebn\u00eb Abdixhiku.<\/p>\n<p>Abdixhiku ka th\u00ebn\u00eb se ka k\u00ebrkuar nga kryeministri Kurti q\u00eb t\u00eb dij\u00eb q\u00ebndrimin politik t\u00eb qeveris\u00eb p\u00ebr procesin e dialogut. \u201cKosova duhet t\u00eb dij\u00eb q\u00eb cili \u00ebsht\u00eb q\u00ebndrimi politik i Qeveris\u00eb s\u00eb Kosov\u00ebs n\u00eb dialog dhe po e presim se cili \u00ebsht\u00eb ky pozicion, dhe b\u00ebm\u00eb nj\u00eb ofert\u00eb, ku i dor\u00ebzuam kryeministrit nj\u00eb dokument mbi pozicionin politik, q\u00eb n\u00eb mendojm\u00eb q\u00eb Qeveria e Kosov\u00ebs duhet ta ket\u00eb. Ky dokument p\u00ebrmban parime q\u00eb dialogu duhet t\u2019i mbroj\u00eb e q\u00eb jan\u00eb diskutimi mbi baz\u00ebn e GJND-s\u00eb, mbrojtja e integritetit territorial, ruajtja e karakterit unitar t\u00eb Kosov\u00ebs dhe rendit kushtetues\u201d, ka th\u00ebn\u00eb Abdixhiku.<\/p>\n<p>Sa i p\u00ebrket \u00e7\u00ebshtjes s\u00eb reciprocitetit me Serbin\u00eb, Abdixhiku ka th\u00ebn\u00eb se kryeministri Kurti ka ndryshuar pozicion n\u00eb dialog p\u00ebr k\u00ebt\u00eb proces dhe kauza t\u00eb tjera q\u00eb i ka pasur para se t\u00eb b\u00ebhej kryeminist\u00ebr. Kryeministri i Kosov\u00ebs, Albin Kurti k\u00ebt\u00eb jav\u00eb nisi takimet me krer\u00ebt e opozit\u00ebs. T\u00eb mart\u00ebn ai zhvilloi nj\u00eb takim me udh\u00ebheq\u00ebsin e Aleanc\u00ebs p\u00ebr Ardhm\u00ebrin\u00eb e Kosov\u00ebs, Ramush Haradinajn. Kreu i AAK-s\u00eb, gjat\u00eb takimit po ashtu ka k\u00ebrkuar q\u00eb n\u00eb dialogun me Serbin\u00eb, q\u00eb nd\u00ebrmjet\u00ebsohet nga Bashkimi Evropian, SHBA-ja t\u00eb ket\u00eb nj\u00eb p\u00ebrfaq\u00ebsues.<\/p>\n<p>Nd\u00ebrkaq, ushtruesi i detyr\u00ebs s\u00eb kryetarit t\u00eb Partis\u00eb Demokratike, Enver Hoxhaj, ka refuzuar thirrjen p\u00ebr takim. N\u00eb muajin qershor pritet t\u00eb mbahet nj\u00eb takim mes kryeministrit t\u00eb Kosov\u00ebs Albin Kurti dhe presidentit t\u00eb Serbis\u00eb, Aleksandar Vu\u00e7iq, me nd\u00ebrmjet\u00ebsimin e Bashkimit Evropian. Kryeministri Kurti ka theksuar disa her\u00eb se nuk do t\u00eb zhvilloj\u00eb takimet n\u00eb kuad\u00ebr t\u00eb dialogut t\u00eb nd\u00ebrmjet\u00ebsuar nga BE-ja, pa u konsultuar me spektrin politik n\u00eb Kosov\u00eb. Dialogu mes Kosov\u00ebs dhe Serbis\u00eb, me nd\u00ebrmjet\u00ebsim t\u00eb BE-s\u00eb, ka nisur m\u00eb 2011 n\u00eb Bruksel.<\/p>","protected":false},"excerpt":{"rendered":"<p>Kryetari i Lidhjes Demokratike t\u00eb Kosov\u00ebs (LDK), Lumir Abdixhiku, ka th\u00ebn\u00eb se pa pjes\u00ebmarrjen e Shteteve t\u00eb Bashkuara t\u00eb Amerik\u00ebs nuk duhet t\u00eb ket\u00eb dialog me Serbin\u00eb. K\u00ebto deklarata i pari i LDK-s\u00eb i ka b\u00ebr\u00eb nga oborri i Qeveris\u00eb s\u00eb Kosov\u00ebs, pas takimit q\u00eb zhvilloi t\u00eb m\u00ebrkur\u00ebn me kryeministrin e Kosov\u00ebs, Albin Kurti. \u201cPjes\u00ebmarrja [&hellip;]<\/p>\n","protected":false},"author":2030,"featured_media":184806,"comment_status":"closed","ping_status":"closed","sticky":false,"template":"","format":"standard","meta":{"footnotes":""},"categories":[241],"tags":[],"class_list":{"0":"post-184805","1":"post","2":"type-post","3":"status-publish","4":"format-standard","5":"has-post-thumbnail","7":"category-aktualitet"},"_links":{"self":[{"href":"https:\/\/zjarr.tv\/en\/wp-json\/wp\/v2\/posts\/184805","targetHints":{"allow":["GET"]}}],"collection":[{"href":"https:\/\/zjarr.tv\/en\/wp-json\/wp\/v2\/posts"}],"about":[{"href":"https:\/\/zjarr.tv\/en\/wp-json\/wp\/v2\/types\/post"}],"author":[{"embeddable":true,"href":"https:\/\/zjarr.tv\/en\/wp-json\/wp\/v2\/users\/2030"}],"replies":[{"embeddable":true,"href":"https:\/\/zjarr.tv\/en\/wp-json\/wp\/v2\/comments?post=184805"}],"version-history":[{"count":0,"href":"https:\/\/zjarr.tv\/en\/wp-json\/wp\/v2\/posts\/184805\/revisions"}],"wp:featuredmedia":[{"embeddable":true,"href":"https:\/\/zjarr.tv\/en\/wp-json\/wp\/v2\/media\/184806"}],"wp:attachment":[{"href":"https:\/\/zjarr.tv\/en\/wp-json\/wp\/v2\/media?parent=184805"}],"wp:term":[{"taxonomy":"category","embeddable":true,"href":"https:\/\/zjarr.tv\/en\/wp-json\/wp\/v2\/categories?post=184805"},{"taxonomy":"post_tag","embeddable":true,"href":"https:\/\/zjarr.tv\/en\/wp-json\/wp\/v2\/tags?post=184805"}],"curies":[{"name":"wp","href":"https:\/\/api.w.org\/{rel}","templated":true}]}}