{"id":184809,"date":"2021-05-26T14:24:48","date_gmt":"2021-05-26T12:24:48","guid":{"rendered":"https:\/\/zjarr.tv\/?p=184809"},"modified":"2021-05-26T14:24:48","modified_gmt":"2021-05-26T12:24:48","slug":"kundershtoi-sekuestrimin-e-pasurise-shtyhet-seanca-per-ish-kreun-e-kushtetueses-bashkim-dedja","status":"publish","type":"post","link":"https:\/\/zjarr.tv\/en\/kundershtoi-sekuestrimin-e-pasurise-shtyhet-seanca-per-ish-kreun-e-kushtetueses-bashkim-dedja\/","title":{"rendered":"Kund\u00ebrshtoi sekuestrimin e pasuris\u00eb, shtyhet seanca p\u00ebr ish-kreun e Kushtetueses, Bashkim Dedja"},"content":{"rendered":"<p>Gjykata e Posa\u00e7me e Apelit ka shtyr\u00eb seanc\u00ebn p\u00ebr shqyrtimin e ankimit t\u00eb apelit t\u00eb b\u00ebr\u00eb nga ish-kreu i Kushtetueses Bashkim Dedja, p\u00ebr sekuestron e pasuris\u00eb.<\/p>\n<p>Seanca e radh\u00ebs u la n\u00eb dat\u00ebn 1 qershor. Ish-kryetari i gjykat\u00ebs kushtetuese kund\u00ebrshtoi sekuestrjmin e pasurive n\u00eb shkall\u00ebn e dyt\u00eb t\u00eb gjykat\u00ebs antikorrupsion.<\/p>\n<p>N\u00eb or\u00ebn tre bazuar n\u00eb apelimin e ish-gjyqtarit Fatos Lulo do t\u00eb shqyrtohet k\u00ebrkesa e tij po n\u00eb gjykaten e posa\u00e7me. Nd\u00ebrkohe gjyqtari Shk\u00eblzen Selimi nuk e ka apeluar sekuestrimin e pasurive.<\/p>\n<p><strong>\u00c7far\u00eb iu sekuestrua ish-gjyqtar\u00ebve sipas SPAK:<\/strong><\/p>\n<p>Vendosjen e sekuestros mbi pasurin\u00eb n\u00eb zot\u00ebrim t\u00eb shtetasit Fatos Lulo, me sip\u00ebrfaqe 172 m2, e llojit Nj\u00ebsi\/Dyqan, e ndodhur n\u00eb rrug\u00ebn e Durr\u00ebsit, Tiran\u00eb.<\/p>\n<p>Vendosjen e sekuestros mbi pasurin\u00eb n\u00eb zot\u00ebrim t\u00eb shtetasit Bashkim Dedja, e llojit apartament, me sip\u00ebrfaqe 60 m2, e ndodhur n\u00eb zon\u00ebn Kryemedhenj, Nj\u00ebsia Administrative Golem Kavaj\u00eb.<\/p>\n<p>1\/2 (50%) e pasuris\u00eb e llojit truall 432 m2 dhe objekt 132.25 m2 Karburant\/Pik\u00eb Treg\u00ebtimi, me vendodhje Shetitore Lungomare, Vlor\u00eb, n\u00eb pron\u00ebsi t\u00eb shtetasit Shk\u00eblzen Selimi<\/p>\n<p>Pasuria e llojit truall, me sip\u00ebrfaqe 2400 m2 (pasuri e p\u00ebrb\u00ebr\u00eb nga bashkim pasurish), e ndodhur Jonuf\u00ebr, Vlor\u00eb, n\u00eb pron\u00ebsi t\u00eb shtetasit Kujtim Selimi.<\/p>\n<p>55% e pasuris\u00eb e llojit truall, me sip\u00ebrfaqe 764 m2 dhe godin\u00eb me sip\u00ebrfaqe 57 m2, Karburant, e ndodhur n\u00eb Rrug\u00ebn Transballkanike, Vlor\u00eb, n\u00eb pron\u00ebsi t\u00eb shtetasit Kujtim Selimi.<\/p>","protected":false},"excerpt":{"rendered":"<p>Gjykata e Posa\u00e7me e Apelit ka shtyr\u00eb seanc\u00ebn p\u00ebr shqyrtimin e ankimit t\u00eb apelit t\u00eb b\u00ebr\u00eb nga ish-kreu i Kushtetueses Bashkim Dedja, p\u00ebr sekuestron e pasuris\u00eb. Seanca e radh\u00ebs u la n\u00eb dat\u00ebn 1 qershor. Ish-kryetari i gjykat\u00ebs kushtetuese kund\u00ebrshtoi sekuestrjmin e pasurive n\u00eb shkall\u00ebn e dyt\u00eb t\u00eb gjykat\u00ebs antikorrupsion. N\u00eb or\u00ebn tre bazuar n\u00eb [&hellip;]<\/p>\n","protected":false},"author":2030,"featured_media":184810,"comment_status":"closed","ping_status":"closed","sticky":false,"template":"","format":"standard","meta":{"footnotes":""},"categories":[241],"tags":[],"class_list":{"0":"post-184809","1":"post","2":"type-post","3":"status-publish","4":"format-standard","5":"has-post-thumbnail","7":"category-aktualitet"},"_links":{"self":[{"href":"https:\/\/zjarr.tv\/en\/wp-json\/wp\/v2\/posts\/184809","targetHints":{"allow":["GET"]}}],"collection":[{"href":"https:\/\/zjarr.tv\/en\/wp-json\/wp\/v2\/posts"}],"about":[{"href":"https:\/\/zjarr.tv\/en\/wp-json\/wp\/v2\/types\/post"}],"author":[{"embeddable":true,"href":"https:\/\/zjarr.tv\/en\/wp-json\/wp\/v2\/users\/2030"}],"replies":[{"embeddable":true,"href":"https:\/\/zjarr.tv\/en\/wp-json\/wp\/v2\/comments?post=184809"}],"version-history":[{"count":0,"href":"https:\/\/zjarr.tv\/en\/wp-json\/wp\/v2\/posts\/184809\/revisions"}],"wp:featuredmedia":[{"embeddable":true,"href":"https:\/\/zjarr.tv\/en\/wp-json\/wp\/v2\/media\/184810"}],"wp:attachment":[{"href":"https:\/\/zjarr.tv\/en\/wp-json\/wp\/v2\/media?parent=184809"}],"wp:term":[{"taxonomy":"category","embeddable":true,"href":"https:\/\/zjarr.tv\/en\/wp-json\/wp\/v2\/categories?post=184809"},{"taxonomy":"post_tag","embeddable":true,"href":"https:\/\/zjarr.tv\/en\/wp-json\/wp\/v2\/tags?post=184809"}],"curies":[{"name":"wp","href":"https:\/\/api.w.org\/{rel}","templated":true}]}}