{"id":184813,"date":"2021-05-26T14:37:25","date_gmt":"2021-05-26T12:37:25","guid":{"rendered":"https:\/\/zjarr.tv\/?p=184813"},"modified":"2021-05-26T14:37:25","modified_gmt":"2021-05-26T12:37:25","slug":"kadilli-njofton-nisjen-e-turit-te-takimeve-me-anetaret-e-pd-ne-shqiperi-ja-ne-cilin-qytet-do-zhvilloje-ndalesen-e-pare","status":"publish","type":"post","link":"https:\/\/zjarr.tv\/en\/kadilli-njofton-nisjen-e-turit-te-takimeve-me-anetaret-e-pd-ne-shqiperi-ja-ne-cilin-qytet-do-zhvilloje-ndalesen-e-pare\/","title":{"rendered":"Kadilli njofton nisjen e turit t\u00eb takimeve me an\u00ebtar\u00ebt e PD n\u00eb Shqip\u00ebri, ja n\u00eb cilin qytet do zhvilloj\u00eb ndales\u00ebn e par\u00eb"},"content":{"rendered":"<p>An\u00ebtari i kryesis\u00eb dhe nj\u00ebkoh\u00ebsisht kandidati p\u00ebr kryetar t\u00eb partis\u00eb Demokratike, Fatbardh Kadilli, ka njoftuar nisjen e turit t\u00eb tij t\u00eb takimeve q\u00eb do t\u00eb mbaj\u00eb me an\u00ebtar\u00eb t\u00eb PD n\u00eb t\u00eb gjith\u00eb Shqip\u00ebrin\u00eb.<\/p>\n<p>Kadilli ka vendosur q\u00eb t\u2019a nis\u00eb turin e tij t\u00eb takimeve n\u00eb t\u00eb nj\u00ebjtin qytet si kryetari aktual i PD, Lulzim Basha n\u00eb qytetin e Beratit.<\/p>\n<p>Ai shkruan se ka zgjedhur t\u2019a filloj\u00eb turin e takimeve n\u00eb Berat sepse e konsideron si qarkun ku ka pasur nj\u00eb nga p\u00ebrvojat m\u00eb t\u00eb mira t\u00eb tij n\u00eb jet\u00ebn politike. M\u00eb tej i ftoi an\u00ebtar\u00ebt t\u00eb jen\u00eb prezent\u00eb n\u00eb or\u00ebn 17:30 n\u00eb Biblotek\u00ebn e qytetit t\u00eb Beratit dhe m\u00eb pas n\u00eb Ku\u00e7ov\u00eb n\u00eb or\u00ebn 19:00.<\/p>\n<p><strong>Shkrimi i Plot\u00eb i Fatbardh Kadillit<\/strong><\/p>\n<p><em>\u201cSot nis turin e takimeve me anetar\u00ebt e PD n\u00eb Shqip\u00ebri.<\/em><\/p>\n<p><em>Zgjodha ta filloj k\u00ebt\u00eb tur nga Berati, qarku ku kam nj\u00eb nga pervojat m\u00eb t\u00eb mira politike n\u00eb aktivitetin tim t\u00eb gjat\u00eb.<\/em><\/p>\n<p><em>Gjithnj\u00eb kam besuar se sa m\u00eb t\u00eb forta t\u00eb jen\u00eb sfidat aq m\u00eb i madh \u00ebsht\u00eb motivimi dhe angazhimi.<\/em><\/p>\n<p><em>Miq beratas ejani t\u00eb bisedojm\u00eb s\u00eb bashku p\u00ebr nj\u00eb Projekt t\u00eb ri, me nj\u00eb Manifest t\u00eb ri Politik me Syt\u00eb nga e Ardhmja<\/em><\/p>\n<p><em>Takimet jan\u00eb: Berat, ora 17:30, Biblioteka e Qytetit<\/em><br \/>\n<em>Kucov\u00eb\/ Ura Vajgurore, Ora 19:00, Hotel Familjari.\u201d<\/em><\/p>","protected":false},"excerpt":{"rendered":"<p>An\u00ebtari i kryesis\u00eb dhe nj\u00ebkoh\u00ebsisht kandidati p\u00ebr kryetar t\u00eb partis\u00eb Demokratike, Fatbardh Kadilli, ka njoftuar nisjen e turit t\u00eb tij t\u00eb takimeve q\u00eb do t\u00eb mbaj\u00eb me an\u00ebtar\u00eb t\u00eb PD n\u00eb t\u00eb gjith\u00eb Shqip\u00ebrin\u00eb. Kadilli ka vendosur q\u00eb t\u2019a nis\u00eb turin e tij t\u00eb takimeve n\u00eb t\u00eb nj\u00ebjtin qytet si kryetari aktual i PD, Lulzim [&hellip;]<\/p>\n","protected":false},"author":2030,"featured_media":184814,"comment_status":"closed","ping_status":"closed","sticky":false,"template":"","format":"standard","meta":{"footnotes":""},"categories":[241,1454],"tags":[],"class_list":{"0":"post-184813","1":"post","2":"type-post","3":"status-publish","4":"format-standard","5":"has-post-thumbnail","7":"category-aktualitet","8":"category-politike"},"_links":{"self":[{"href":"https:\/\/zjarr.tv\/en\/wp-json\/wp\/v2\/posts\/184813","targetHints":{"allow":["GET"]}}],"collection":[{"href":"https:\/\/zjarr.tv\/en\/wp-json\/wp\/v2\/posts"}],"about":[{"href":"https:\/\/zjarr.tv\/en\/wp-json\/wp\/v2\/types\/post"}],"author":[{"embeddable":true,"href":"https:\/\/zjarr.tv\/en\/wp-json\/wp\/v2\/users\/2030"}],"replies":[{"embeddable":true,"href":"https:\/\/zjarr.tv\/en\/wp-json\/wp\/v2\/comments?post=184813"}],"version-history":[{"count":0,"href":"https:\/\/zjarr.tv\/en\/wp-json\/wp\/v2\/posts\/184813\/revisions"}],"wp:featuredmedia":[{"embeddable":true,"href":"https:\/\/zjarr.tv\/en\/wp-json\/wp\/v2\/media\/184814"}],"wp:attachment":[{"href":"https:\/\/zjarr.tv\/en\/wp-json\/wp\/v2\/media?parent=184813"}],"wp:term":[{"taxonomy":"category","embeddable":true,"href":"https:\/\/zjarr.tv\/en\/wp-json\/wp\/v2\/categories?post=184813"},{"taxonomy":"post_tag","embeddable":true,"href":"https:\/\/zjarr.tv\/en\/wp-json\/wp\/v2\/tags?post=184813"}],"curies":[{"name":"wp","href":"https:\/\/api.w.org\/{rel}","templated":true}]}}