{"id":184827,"date":"2021-05-26T15:29:51","date_gmt":"2021-05-26T13:29:51","guid":{"rendered":"https:\/\/zjarr.tv\/?p=184827"},"modified":"2021-05-26T15:29:51","modified_gmt":"2021-05-26T13:29:51","slug":"mblidhet-komisioni-per-shkarkimin-e-metes-flet-hyseni-javes-tjeter-paraqesim-raportin-per-votim","status":"publish","type":"post","link":"https:\/\/zjarr.tv\/en\/mblidhet-komisioni-per-shkarkimin-e-metes-flet-hyseni-javes-tjeter-paraqesim-raportin-per-votim\/","title":{"rendered":"Mblidhet Komisioni p\u00ebr shkarkimin e Met\u00ebs, flet Hyseni: Jav\u00ebs tjet\u00ebr paraqesim raportin p\u00ebr votim"},"content":{"rendered":"<p>\u00cbsht\u00eb mbledhur dit\u00ebn e sotme Komisioni Hetimor p\u00ebr shkarkimin e Presidentit t\u00eb Republik\u00ebs, Ilir Meta, pas akuzave nga ana e mazhoranc\u00ebs se ka shkelur kushtetut\u00ebn.<\/p>\n<p>Kryetari Alket Hyseni deklaroi n\u00eb Komision q\u00eb jav\u00ebn tjet\u00ebr do t\u00eb paraqitet raporti p\u00ebr votim, duke shtuar se ne dit\u00ebt e ardhshme pritet nj\u00eb ngarkes\u00eb shum\u00eb e madhe pune.<\/p>\n<p>\u201cPo punohet me k\u00ebt\u00eb raport me or\u00eb t\u00eb zgjatura, e din\u00eb se cfar\u00eb volumi pune ka. K\u00ebto dy dit\u00eb do t\u00eb kemi dhe m\u00eb shum\u00eb ngarkes\u00eb, i uroj energji dhe sa m\u00eb shum\u00eb suksese ne k\u00ebto raport relatoreve. N\u00eb seanc\u00ebs tjet\u00ebr do t\u00eb paraqesim raportin, do t\u00eb vendosim me vot\u00eb. Ora dhe rendi i dit\u00ebs do t\u2019ju njoftohet p\u00ebr jav\u00ebn tjet\u00ebr, deri at\u00ebhere ju uroj pun\u00eb t\u00eb mbar\u00eb, n\u00eb m\u00ebnyr\u00eb t\u00eb vecant\u00eb dy relator\u00ebve\u201d, tha Hyseni.<\/p>\n<p>Ngarkes\u00ebn e pun\u00ebs e konfirmoi dhe Vasilika Hysi, e cila theksoi se \u00e7do argument q\u00eb jepet duhet t\u00eb shoqerohet me prov\u00ebn konkrete.<\/p>\n<p>\u201cKjo do jet\u00eb nj\u00eb nga komisionet q\u00eb ka pasur nj\u00eb ngarkes\u00eb t\u00eb madhe. Ajo q\u00eb prezantoi Bushka e vler\u00ebsoj, e gjej t\u00eb plot\u00eb dhe transparente. Un\u00eb kam nj\u00eb sugjerim, jam dakord me struktur\u00ebn. P\u00ebr cdo argument q\u00eb do t\u00eb jepet duhet t\u00eb ilustrohet me prov\u00ebn konkrete. Presidenti duhet t\u00eb dij\u00eb linkun,\u201d tha Hysi.<\/p>","protected":false},"excerpt":{"rendered":"<p>\u00cbsht\u00eb mbledhur dit\u00ebn e sotme Komisioni Hetimor p\u00ebr shkarkimin e Presidentit t\u00eb Republik\u00ebs, Ilir Meta, pas akuzave nga ana e mazhoranc\u00ebs se ka shkelur kushtetut\u00ebn. Kryetari Alket Hyseni deklaroi n\u00eb Komision q\u00eb jav\u00ebn tjet\u00ebr do t\u00eb paraqitet raporti p\u00ebr votim, duke shtuar se ne dit\u00ebt e ardhshme pritet nj\u00eb ngarkes\u00eb shum\u00eb e madhe pune. \u201cPo [&hellip;]<\/p>\n","protected":false},"author":2031,"featured_media":184828,"comment_status":"closed","ping_status":"closed","sticky":false,"template":"","format":"standard","meta":{"footnotes":""},"categories":[231],"tags":[3318,312,458],"class_list":{"0":"post-184827","1":"post","2":"type-post","3":"status-publish","4":"format-standard","5":"has-post-thumbnail","7":"category-lajme","8":"tag-hyseni","9":"tag-lajme","10":"tag-zjarrtv"},"_links":{"self":[{"href":"https:\/\/zjarr.tv\/en\/wp-json\/wp\/v2\/posts\/184827","targetHints":{"allow":["GET"]}}],"collection":[{"href":"https:\/\/zjarr.tv\/en\/wp-json\/wp\/v2\/posts"}],"about":[{"href":"https:\/\/zjarr.tv\/en\/wp-json\/wp\/v2\/types\/post"}],"author":[{"embeddable":true,"href":"https:\/\/zjarr.tv\/en\/wp-json\/wp\/v2\/users\/2031"}],"replies":[{"embeddable":true,"href":"https:\/\/zjarr.tv\/en\/wp-json\/wp\/v2\/comments?post=184827"}],"version-history":[{"count":0,"href":"https:\/\/zjarr.tv\/en\/wp-json\/wp\/v2\/posts\/184827\/revisions"}],"wp:featuredmedia":[{"embeddable":true,"href":"https:\/\/zjarr.tv\/en\/wp-json\/wp\/v2\/media\/184828"}],"wp:attachment":[{"href":"https:\/\/zjarr.tv\/en\/wp-json\/wp\/v2\/media?parent=184827"}],"wp:term":[{"taxonomy":"category","embeddable":true,"href":"https:\/\/zjarr.tv\/en\/wp-json\/wp\/v2\/categories?post=184827"},{"taxonomy":"post_tag","embeddable":true,"href":"https:\/\/zjarr.tv\/en\/wp-json\/wp\/v2\/tags?post=184827"}],"curies":[{"name":"wp","href":"https:\/\/api.w.org\/{rel}","templated":true}]}}