{"id":184836,"date":"2021-05-26T15:46:55","date_gmt":"2021-05-26T13:46:55","guid":{"rendered":"https:\/\/zjarr.tv\/?p=184836"},"modified":"2021-05-26T15:46:55","modified_gmt":"2021-05-26T13:46:55","slug":"lajm-i-madh-e-moment-historik-xhacka-aplikoni-per-tu-bere-pjese-e-skuadres-se-shqiperise-ne-okb","status":"publish","type":"post","link":"https:\/\/zjarr.tv\/en\/lajm-i-madh-e-moment-historik-xhacka-aplikoni-per-tu-bere-pjese-e-skuadres-se-shqiperise-ne-okb\/","title":{"rendered":"\u201cLajm i madh e moment historik\u201d, Xha\u00e7ka: Aplikoni p\u00ebr tu b\u00ebr\u00eb pjes\u00eb e skuadr\u00ebs s\u00eb Shqip\u00ebris\u00eb n\u00eb OKB"},"content":{"rendered":"<p>M\u00eb dat\u00eb 1 janar 2022, Shqip\u00ebria do t\u00eb ket\u00eb vendin n\u00eb forumin m\u00eb t\u00eb lart\u00eb t\u00eb vendimmarrjes globale, n\u00eb Organizat\u00ebn e Kombeve t\u00eb Bashkuara.<\/p>\n<p>Ministrja e p\u00ebr Europ\u00ebn dhe Pun\u00ebt e Jashtme Olta Xha\u00e7ka, n\u00ebp\u00ebrmjet nj\u00eb video-mesazhi n\u00eb rrjetin social \u201cFacebook\u201d tha se n\u00eb 11 qershor, n\u00eb mbledhjen e Asambles\u00eb s\u00eb P\u00ebrgjithshme t\u00eb OKB-s\u00eb, Shqip\u00ebria pritet t\u00eb zgjidhet an\u00ebtare jo e p\u00ebrhershme e K\u00ebshillit t\u00eb Sigurimit t\u00eb OKB-s\u00eb p\u00ebr periudh\u00ebn 2022-2023.<\/p>\n<p>\u201cN\u00eb dat\u00ebn 11 qershor, n\u00eb mbledhjen e Asambles\u00eb s\u00eb P\u00ebrgjithshme t\u00eb OKB-s\u00eb, Shqip\u00ebria pritet t\u00eb zgjidhet an\u00ebtare jo e p\u00ebrhershme e K\u00ebshillit t\u00eb Sigurimit t\u00eb OKB-s\u00eb p\u00ebr periudh\u00ebn 2022-2023.<\/p>\n<p>Fal\u00eb nj\u00eb fushate lobimi t\u00eb suksesshme, vendi yn\u00eb ka arritur t\u00eb fitoj\u00eb mb\u00ebshtetjen e grupit t\u00eb Europ\u00ebs Lindore p\u00ebr t\u00eb konkurruar n\u00eb k\u00ebt\u00eb gar\u00eb si kandidatur\u00eb konsensuale q\u00eb do t\u00eb thot\u00eb se jemi kandidatura e vetme dhe zgjedhja \u00ebsht\u00eb e sigurt. \u00cbsht\u00eb v\u00ebrtet nj\u00eb lajm i madh dhe nj\u00eb moment historik p\u00ebr Shqip\u00ebrin\u00eb dhe sh\u00ebrbimin ton\u00eb diplomatik.<\/p>\n<p>Fakti q\u00eb p\u00ebr her\u00eb t\u00eb par\u00eb pas 65 vitesh si an\u00ebtar t\u00eb OKB Shqip\u00ebris\u00eb i jepet nj\u00eb mund\u00ebsi kaq e jasht\u00ebzakonshme. Fal\u00eb kontributit n\u00eb sh\u00ebrbim t\u00eb paqes, siguris\u00eb e stabiliteti n\u00eb nivel rajonal edhe global p\u00ebrmes pjes\u00ebmarrjes n\u00eb nisma e misione t\u00eb OKB, do t\u00eb mund t\u00eb ket\u00eb vendin n\u00eb forumin m\u00eb t\u00eb lart\u00eb t\u00eb vendimmarrjes globale.<\/p>\n<p>Misioni yn\u00eb n\u00eb K\u00ebshillin e Sigurimit n\u00eb New York, fillon n\u00eb dat\u00ebn 1 janar t\u00eb vitit 2022 dhe kjo \u00ebsht\u00eb nj\u00eb mund\u00ebsi e madhe po ashtu edhe nj\u00eb sfid\u00eb shum\u00eb e madhe\u201d, tha Xha\u00e7ka.<\/p>\n<p>Gjithashtu Xha\u00e7a i b\u00ebn thirrje t\u00eb gjith\u00eb shqiptar\u00ebve brenda ose jasht\u00eb vendit dhe sidomos n\u00eb SHBA, t\u00eb aplikojn\u00eb e t\u00eb konkurrojn\u00eb, p\u00ebr tu b\u00ebr\u00eb pjes\u00eb e skuadr\u00ebs kuqezi n\u00eb K\u00ebshillin e Sigurimit t\u00eb Kombeve t\u00eb Bashkuara.<\/p>\n<p>\u201cDuam q\u00eb Shqip\u00ebria t\u00eb prezantohet n\u00eb K\u00ebshillin e Sigurimit me nj\u00eb \u201cDream Team\u201d, nj\u00eb skuad\u00ebr profesionale t\u00eb nivelit m\u00eb t\u00eb lart\u00eb. T\u00eb gjith\u00eb ata e ato, shqiptar\u00eb e shqiptare, brenda ose jasht\u00eb vendit dhe sidomos n\u00eb SHBA, q\u00eb me shum\u00eb pun\u00eb e mund kan\u00eb arritur t\u00eb nd\u00ebrtojn\u00eb karriera t\u00eb suksesshme, i ftojm\u00eb t\u00eb aplikojn\u00eb e t\u00eb konkurrojn\u00eb, p\u00ebr tu b\u00ebr\u00eb pjes\u00eb e skuadr\u00ebs kuqezi n\u00eb K\u00ebshillin e Sigurimit t\u00eb Kombeve t\u00eb Bashkuara\u201d, tha Xha\u00e7ka.<\/p>","protected":false},"excerpt":{"rendered":"<p>M\u00eb dat\u00eb 1 janar 2022, Shqip\u00ebria do t\u00eb ket\u00eb vendin n\u00eb forumin m\u00eb t\u00eb lart\u00eb t\u00eb vendimmarrjes globale, n\u00eb Organizat\u00ebn e Kombeve t\u00eb Bashkuara. Ministrja e p\u00ebr Europ\u00ebn dhe Pun\u00ebt e Jashtme Olta Xha\u00e7ka, n\u00ebp\u00ebrmjet nj\u00eb video-mesazhi n\u00eb rrjetin social \u201cFacebook\u201d tha se n\u00eb 11 qershor, n\u00eb mbledhjen e Asambles\u00eb s\u00eb P\u00ebrgjithshme t\u00eb OKB-s\u00eb, Shqip\u00ebria [&hellip;]<\/p>\n","protected":false},"author":2031,"featured_media":160765,"comment_status":"closed","ping_status":"closed","sticky":false,"template":"","format":"standard","meta":{"footnotes":""},"categories":[231],"tags":[312,2161,458],"class_list":{"0":"post-184836","1":"post","2":"type-post","3":"status-publish","4":"format-standard","5":"has-post-thumbnail","7":"category-lajme","8":"tag-lajme","9":"tag-xhacka","10":"tag-zjarrtv"},"_links":{"self":[{"href":"https:\/\/zjarr.tv\/en\/wp-json\/wp\/v2\/posts\/184836","targetHints":{"allow":["GET"]}}],"collection":[{"href":"https:\/\/zjarr.tv\/en\/wp-json\/wp\/v2\/posts"}],"about":[{"href":"https:\/\/zjarr.tv\/en\/wp-json\/wp\/v2\/types\/post"}],"author":[{"embeddable":true,"href":"https:\/\/zjarr.tv\/en\/wp-json\/wp\/v2\/users\/2031"}],"replies":[{"embeddable":true,"href":"https:\/\/zjarr.tv\/en\/wp-json\/wp\/v2\/comments?post=184836"}],"version-history":[{"count":0,"href":"https:\/\/zjarr.tv\/en\/wp-json\/wp\/v2\/posts\/184836\/revisions"}],"wp:featuredmedia":[{"embeddable":true,"href":"https:\/\/zjarr.tv\/en\/wp-json\/wp\/v2\/media\/160765"}],"wp:attachment":[{"href":"https:\/\/zjarr.tv\/en\/wp-json\/wp\/v2\/media?parent=184836"}],"wp:term":[{"taxonomy":"category","embeddable":true,"href":"https:\/\/zjarr.tv\/en\/wp-json\/wp\/v2\/categories?post=184836"},{"taxonomy":"post_tag","embeddable":true,"href":"https:\/\/zjarr.tv\/en\/wp-json\/wp\/v2\/tags?post=184836"}],"curies":[{"name":"wp","href":"https:\/\/api.w.org\/{rel}","templated":true}]}}