{"id":184840,"date":"2021-05-26T16:05:05","date_gmt":"2021-05-26T14:05:05","guid":{"rendered":"https:\/\/zjarr.tv\/?p=184840"},"modified":"2021-05-26T16:05:05","modified_gmt":"2021-05-26T14:05:05","slug":"e-rende-ne-tirane-nje-37-vjecar-gjendet-i-vetevarur-ne-banese","status":"publish","type":"post","link":"https:\/\/zjarr.tv\/en\/e-rende-ne-tirane-nje-37-vjecar-gjendet-i-vetevarur-ne-banese\/","title":{"rendered":"E r\u00ebnd\u00eb n\u00eb Tiran\u00eb, nj\u00eb 37 vje\u00e7ar gjendet i vet\u00ebvarur n\u00eb banes\u00eb"},"content":{"rendered":"<p>Nj\u00eb ngjarje e r\u00ebnd\u00eb \u00ebsht\u00eb raportuar dit\u00ebn e sotme n\u00eb Tiran\u00eb. Nj\u00eb 37 vje\u00e7ar \u00ebsht\u00eb gjendur i vet\u00ebvarur n\u00eb banes\u00ebn e tij.<\/p>\n<p>Shtetasi me iniciale A.D., 37 vje\u00e7 \u00ebsht\u00eb gjetur i pajet\u00eb rreth or\u00ebs 15:25, n\u00eb rrug\u00ebn \u201cBesim Alla\u201d.<\/p>\n<p>\u201cRreth or\u00ebs 15:25, n\u00eb rrug\u00ebn \u201cBesim Alla\u201d dyshohet se \u00ebsht\u00eb vet\u00ebvarur n\u00eb banes\u00ebn e tij shtetasi A.D., rreth mosh\u00ebs 37 vje\u00e7\u201d, thuhet n\u00eb njoftimin paraprak t\u00eb policis\u00eb.<\/p>\n<p>Grupi Hetimor ndodhet n\u00eb vendngjarje dhe po heton shkaqet e ngjarjes s\u00eb r\u00ebnd\u00eb.<\/p>","protected":false},"excerpt":{"rendered":"<p>Nj\u00eb ngjarje e r\u00ebnd\u00eb \u00ebsht\u00eb raportuar dit\u00ebn e sotme n\u00eb Tiran\u00eb. Nj\u00eb 37 vje\u00e7ar \u00ebsht\u00eb gjendur i vet\u00ebvarur n\u00eb banes\u00ebn e tij. Shtetasi me iniciale A.D., 37 vje\u00e7 \u00ebsht\u00eb gjetur i pajet\u00eb rreth or\u00ebs 15:25, n\u00eb rrug\u00ebn \u201cBesim Alla\u201d. \u201cRreth or\u00ebs 15:25, n\u00eb rrug\u00ebn \u201cBesim Alla\u201d dyshohet se \u00ebsht\u00eb vet\u00ebvarur n\u00eb banes\u00ebn e tij shtetasi [&hellip;]<\/p>\n","protected":false},"author":2031,"featured_media":148453,"comment_status":"closed","ping_status":"closed","sticky":false,"template":"","format":"standard","meta":{"footnotes":""},"categories":[231],"tags":[],"class_list":{"0":"post-184840","1":"post","2":"type-post","3":"status-publish","4":"format-standard","5":"has-post-thumbnail","7":"category-lajme"},"_links":{"self":[{"href":"https:\/\/zjarr.tv\/en\/wp-json\/wp\/v2\/posts\/184840","targetHints":{"allow":["GET"]}}],"collection":[{"href":"https:\/\/zjarr.tv\/en\/wp-json\/wp\/v2\/posts"}],"about":[{"href":"https:\/\/zjarr.tv\/en\/wp-json\/wp\/v2\/types\/post"}],"author":[{"embeddable":true,"href":"https:\/\/zjarr.tv\/en\/wp-json\/wp\/v2\/users\/2031"}],"replies":[{"embeddable":true,"href":"https:\/\/zjarr.tv\/en\/wp-json\/wp\/v2\/comments?post=184840"}],"version-history":[{"count":0,"href":"https:\/\/zjarr.tv\/en\/wp-json\/wp\/v2\/posts\/184840\/revisions"}],"wp:featuredmedia":[{"embeddable":true,"href":"https:\/\/zjarr.tv\/en\/wp-json\/wp\/v2\/media\/148453"}],"wp:attachment":[{"href":"https:\/\/zjarr.tv\/en\/wp-json\/wp\/v2\/media?parent=184840"}],"wp:term":[{"taxonomy":"category","embeddable":true,"href":"https:\/\/zjarr.tv\/en\/wp-json\/wp\/v2\/categories?post=184840"},{"taxonomy":"post_tag","embeddable":true,"href":"https:\/\/zjarr.tv\/en\/wp-json\/wp\/v2\/tags?post=184840"}],"curies":[{"name":"wp","href":"https:\/\/api.w.org\/{rel}","templated":true}]}}