{"id":184843,"date":"2021-05-26T16:13:21","date_gmt":"2021-05-26T14:13:21","guid":{"rendered":"https:\/\/zjarr.tv\/?p=184843"},"modified":"2021-05-26T16:13:21","modified_gmt":"2021-05-26T14:13:21","slug":"kerkuan-ulje-tarife-rektori-i-ut-i-pergjigjet-studenteve-do-paguhet-e-plote-universiteti-ka-shpenzime-te-paperballueshme","status":"publish","type":"post","link":"https:\/\/zjarr.tv\/en\/kerkuan-ulje-tarife-rektori-i-ut-i-pergjigjet-studenteve-do-paguhet-e-plote-universiteti-ka-shpenzime-te-paperballueshme\/","title":{"rendered":"K\u00ebrkuan ulje tarife, rektori i UT i p\u00ebrgjigjet student\u00ebve: Do PAGUHET e plot\u00eb, Universiteti ka shpenzime t\u00eb pap\u00ebrballueshme"},"content":{"rendered":"<p>Rektori i Universitetit t\u00eb Tiran\u00ebs, Artan Hoxha i \u00ebsht\u00eb p\u00ebrgjigjur sot k\u00ebrkes\u00ebs s\u00eb student\u00ebve, t\u00eb cil\u00ebt k\u00ebrkuan pak dit\u00eb m\u00eb par\u00eb uljen e tarifave studimore p\u00ebr vitin akademik 2020-2021.<\/p>\n<p>N\u00eb nj\u00eb deklarat\u00eb p\u00ebr mediet, Koni njoftoi se nuk do t\u00eb ket\u00eb ulje tarifash as p\u00ebr nivelin Master dhe as p\u00ebr Bachelor, pasi sipas tij Universiteti ka shpenzime dhe tarfia \u00ebsht\u00eb e p\u00ebrballueshme.<\/p>\n<p>Sipas tij student\u00ebt duhet t\u00eb shohin Universitetin si nj\u00eb t\u00eb mir\u00eb t\u00eb p\u00ebrbashk\u00ebt dhe jo si nj\u00eb institucion q\u00eb duhet t\u00eb ul\u00eb tarifat.<\/p>\n<p>\u201cKemi pasur pyetje nga student\u00ebt, shqet\u00ebsimin p\u00ebr tarifat. Ne i kemi analizuar shpenzimet tona dhe na referon q\u00eb kemi nj\u00eb ulje me 1.5% af\u00ebrsisht, gj\u00eb e cila \u00ebsht\u00eb mjaft minimale. Kemi paguar rregullisht \u00e7do tarif\u00eb p\u00ebr ujin, dritat dhe sh\u00ebrbimet n\u00eb Universitete. Mos harroni q\u00eb kjo tarif\u00eb \u00ebsht\u00eb vet\u00ebm 200-300 mij\u00eb lek\u00eb t\u00eb vjetra dhe nj\u00eb pjes\u00eb e student\u00ebve ekselent\u00eb ka tarif\u00eb t\u00eb p\u00ebrgjysmuar, po ashtu dhe kategorit\u00eb n\u00eb nevoj\u00eb.<\/p>\n<p>Studenti duhet ta shoh Universitetin si nj\u00eb t\u00eb mir\u00eb t\u00eb p\u00ebrbashk\u00ebt, jo si nj\u00eb institucion q\u00eb duhet t\u00eb ul\u00eb tarifat. 70% t\u00eb student\u00ebt ne e kemi nga rrethet dhe p\u00ebr k\u00ebta ka pasur m\u00eb pak shpenzime pasi kan\u00eb ndjekur m\u00ebsimin online. Tarifat e masterit po ashtu jan\u00eb rreth 600 mij\u00eb deri n\u00eb 1 milion apo 1.2 milion\u00eb lek\u00eb, jan\u00eb tarifa t\u00eb p\u00ebrballueshme\u201d, u shpreh rektori Hoxha.<\/p>\n<p>Kujtojm\u00eb se pak dit\u00eb m\u00eb par\u00eb, student\u00ebt i d\u00ebrguan nj\u00eb k\u00ebrkes\u00eb me shkrim Ministres s\u00eb Arsimit, Evis Kushit, p\u00ebr t\u00eb ulur tarifat e studimit p\u00ebr vitin akademik 2020-2021. Me an\u00eb t\u00eb k\u00ebsaj letre ata i k\u00ebrkuan p\u00ebrgjysmimin e tarif\u00ebs, pasi nuk ishin prezent n\u00eb auditore, duke ndjekur m\u00ebsimin online p\u00ebr shkak t\u00eb pandemis\u00eb.<\/p>","protected":false},"excerpt":{"rendered":"<p>Rektori i Universitetit t\u00eb Tiran\u00ebs, Artan Hoxha i \u00ebsht\u00eb p\u00ebrgjigjur sot k\u00ebrkes\u00ebs s\u00eb student\u00ebve, t\u00eb cil\u00ebt k\u00ebrkuan pak dit\u00eb m\u00eb par\u00eb uljen e tarifave studimore p\u00ebr vitin akademik 2020-2021. N\u00eb nj\u00eb deklarat\u00eb p\u00ebr mediet, Koni njoftoi se nuk do t\u00eb ket\u00eb ulje tarifash as p\u00ebr nivelin Master dhe as p\u00ebr Bachelor, pasi sipas tij Universiteti [&hellip;]<\/p>\n","protected":false},"author":2031,"featured_media":184844,"comment_status":"closed","ping_status":"closed","sticky":false,"template":"","format":"standard","meta":{"footnotes":""},"categories":[231],"tags":[312,3319,458],"class_list":{"0":"post-184843","1":"post","2":"type-post","3":"status-publish","4":"format-standard","5":"has-post-thumbnail","7":"category-lajme","8":"tag-lajme","9":"tag-ut","10":"tag-zjarrtv"},"_links":{"self":[{"href":"https:\/\/zjarr.tv\/en\/wp-json\/wp\/v2\/posts\/184843","targetHints":{"allow":["GET"]}}],"collection":[{"href":"https:\/\/zjarr.tv\/en\/wp-json\/wp\/v2\/posts"}],"about":[{"href":"https:\/\/zjarr.tv\/en\/wp-json\/wp\/v2\/types\/post"}],"author":[{"embeddable":true,"href":"https:\/\/zjarr.tv\/en\/wp-json\/wp\/v2\/users\/2031"}],"replies":[{"embeddable":true,"href":"https:\/\/zjarr.tv\/en\/wp-json\/wp\/v2\/comments?post=184843"}],"version-history":[{"count":0,"href":"https:\/\/zjarr.tv\/en\/wp-json\/wp\/v2\/posts\/184843\/revisions"}],"wp:featuredmedia":[{"embeddable":true,"href":"https:\/\/zjarr.tv\/en\/wp-json\/wp\/v2\/media\/184844"}],"wp:attachment":[{"href":"https:\/\/zjarr.tv\/en\/wp-json\/wp\/v2\/media?parent=184843"}],"wp:term":[{"taxonomy":"category","embeddable":true,"href":"https:\/\/zjarr.tv\/en\/wp-json\/wp\/v2\/categories?post=184843"},{"taxonomy":"post_tag","embeddable":true,"href":"https:\/\/zjarr.tv\/en\/wp-json\/wp\/v2\/tags?post=184843"}],"curies":[{"name":"wp","href":"https:\/\/api.w.org\/{rel}","templated":true}]}}