{"id":184863,"date":"2021-05-26T18:14:13","date_gmt":"2021-05-26T16:14:13","guid":{"rendered":"https:\/\/zjarr.tv\/?p=184863"},"modified":"2021-05-26T18:14:13","modified_gmt":"2021-05-26T16:14:13","slug":"eno-bozdo-i-del-ne-krah-berishes-jam-i-bindur-se-lideri-historik-i-pd-do-ta-fitoje-luften-kunder-shba","status":"publish","type":"post","link":"https:\/\/zjarr.tv\/en\/eno-bozdo-i-del-ne-krah-berishes-jam-i-bindur-se-lideri-historik-i-pd-do-ta-fitoje-luften-kunder-shba\/","title":{"rendered":"Eno Bozdo i del n\u00eb krah Berish\u00ebs: Jam i bindur se lideri historik i PD do ta fitoj\u00eb \u201cluft\u00ebn\u201d kund\u00ebr SHBA"},"content":{"rendered":"<p style=\"background: white; margin: 0in 0in 19.5pt 0in;\">An\u00ebtari i kryesis\u00eb s\u00eb Partis\u00eb Demokratike, Enno Bozdo komentoi shpalljen \u201cnon grata\u201d t\u00eb\u00a0 ish-kryeministrit Sali Berisha, pak dit\u00eb m\u00eb par\u00eb nga Departamenti Amerikan i Shtetit.<\/p>\n<p style=\"background: white; -webkit-tap-highlight-color: transparent !important; box-sizing: border-box; overflow-wrap: break-word; font-variant-ligatures: normal; font-variant-caps: normal; orphans: 2; widows: 2; -webkit-text-stroke-width: 0px; text-decoration-thickness: initial; text-decoration-style: initial; text-decoration-color: initial; word-spacing: 0px; margin: 0in 0in 19.5pt 0in;\">Bozdo u shpreh n\u00eb nj\u00eb intervist\u00eb n\u00eb \u201cBreaking News\u201d se Berisha me q\u00ebndrimin e tij, tregoi nj\u00eb lidership t\u00eb v\u00ebrtet\u00eb n\u00eb nj\u00eb situat\u00eb kaq t\u00eb nxeht\u00eb.<\/p>\n<p style=\"background: white; -webkit-tap-highlight-color: transparent !important; box-sizing: border-box; overflow-wrap: break-word; font-variant-ligatures: normal; font-variant-caps: normal; orphans: 2; widows: 2; -webkit-text-stroke-width: 0px; text-decoration-thickness: initial; text-decoration-style: initial; text-decoration-color: initial; word-spacing: 0px; margin: 0in 0in 19.5pt 0in;\">Ai tha se beson q\u00eb ish-kryeministri Sali Berisha, me shum\u00eb dinjitet do t\u2019i shkoj\u00eb k\u00ebsaj lufte deri n\u00eb fund, duke pasur mund\u00ebsin\u00eb p\u00ebr t\u00eb pastruar emrin dhe veten e tij, ashtu si\u00e7 i takon nj\u00eb lideri historik t\u00eb PD.<\/p>\n<p style=\"background: white; -webkit-tap-highlight-color: transparent !important; box-sizing: border-box; overflow-wrap: break-word; font-variant-ligatures: normal; font-variant-caps: normal; orphans: 2; widows: 2; -webkit-text-stroke-width: 0px; text-decoration-thickness: initial; text-decoration-style: initial; text-decoration-color: initial; word-spacing: 0px; margin: 0in 0in 19.5pt 0in;\"><strong style=\"-webkit-tap-highlight-color: transparent !important; box-sizing: border-box;\">Eno Bozdo:<\/strong>\u00a0Q\u00ebndrimi i PD erdhi menj\u00ebher\u00eb pas q\u00ebndrimit t\u00eb zotit Berisha, i cili e b\u00ebri shum\u00eb t\u00eb qart\u00eb se ai do t\u00eb p\u00ebrballej me dinjitetin e tij, ai do t\u00eb p\u00ebrballej personalisht me k\u00ebt\u00eb akuz\u00eb dhe tha q\u00eb do t\u00eb merrte t\u00eb gjith\u00eb hapat ligjor\u00eb q\u00eb i ka nd\u00ebrmarr\u00eb, p\u00ebr t\u00eb pastruar emrin, dinjitetin e tij dhe t\u00eb familjes s\u00eb tij. Besoj q\u00eb zoti Berisha tregoi lidership n\u00eb nj\u00eb \u00e7\u00ebshtje kaq r\u00ebnd\u00ebsishme dhe t\u00eb nxeht\u00eb. \u00cbsht\u00eb e tep\u00ebrt t\u00eb them se v\u00ebrtet ka qen\u00eb nj\u00eb situat\u00eb shqet\u00ebsuse. Besoj se Berisha me shum\u00eb dinjitet do t\u2019i shkoj\u00eb k\u00ebsaj lufte deri n\u00eb fund dhe mendoj se do t\u00eb ket\u00eb t\u00eb gjitha mund\u00ebsit\u00eb p\u00ebr t\u00eb pastruar emrin e tij, veten e tij, si\u00e7 i takon nj\u00eb lideri historik t\u00eb PD. U kam th\u00ebn\u00eb edhe miqve t\u00eb mi, qofshin majtas apo djathtas se \u00ebsht\u00eb nj\u00eb dit\u00eb e v\u00ebshtir\u00eb jo vet\u00ebm p\u00ebr PD, por p\u00ebr t\u00eb gjith\u00eb Shqip\u00ebrin\u00eb. Kjo sepse, nj\u00eb q\u00ebndrimi till\u00eb nga DASH p\u00ebr nj\u00eb figur\u00eb historike \u00ebsht\u00eb v\u00ebrtete nj\u00eb ngjarje q\u00eb na duhet t\u00eb meditojm\u00eb fort. Nuk \u00ebsht\u00eb m\u00eb nj\u00eb \u00e7\u00ebshtje politike, por shoq\u00ebrore. Emri i zotit Berisha \u00ebsht\u00eb i lidhur fort me 30 vitet e fundit t\u00eb pluralizmit t\u00eb demokracis\u00eb n\u00eb Shqip\u00ebri. Nuk ka vend as p\u00ebr t\u2019u k\u00ebnaqur, p\u00ebr t\u00eb b\u00ebr\u00eb tifozll\u00ebqe politike, as edhe p\u00ebr t\u2019u d\u00ebshp\u00ebruar pa fund. Un\u00eb besoj se zoti Berisha do t\u2019ia dal\u00eb mban\u00eb n\u00eb k\u00ebt\u00eb proces q\u00eb besoj se do t\u00eb zgjas\u00eb.<\/p>","protected":false},"excerpt":{"rendered":"<p>An\u00ebtari i kryesis\u00eb s\u00eb Partis\u00eb Demokratike, Enno Bozdo komentoi shpalljen \u201cnon grata\u201d t\u00eb\u00a0 ish-kryeministrit Sali Berisha, pak dit\u00eb m\u00eb par\u00eb nga Departamenti Amerikan i Shtetit. Bozdo u shpreh n\u00eb nj\u00eb intervist\u00eb n\u00eb \u201cBreaking News\u201d se Berisha me q\u00ebndrimin e tij, tregoi nj\u00eb lidership t\u00eb v\u00ebrtet\u00eb n\u00eb nj\u00eb situat\u00eb kaq t\u00eb nxeht\u00eb. Ai tha se beson [&hellip;]<\/p>\n","protected":false},"author":2030,"featured_media":184864,"comment_status":"closed","ping_status":"closed","sticky":false,"template":"","format":"standard","meta":{"footnotes":""},"categories":[241,1454],"tags":[],"class_list":{"0":"post-184863","1":"post","2":"type-post","3":"status-publish","4":"format-standard","5":"has-post-thumbnail","7":"category-aktualitet","8":"category-politike"},"_links":{"self":[{"href":"https:\/\/zjarr.tv\/en\/wp-json\/wp\/v2\/posts\/184863","targetHints":{"allow":["GET"]}}],"collection":[{"href":"https:\/\/zjarr.tv\/en\/wp-json\/wp\/v2\/posts"}],"about":[{"href":"https:\/\/zjarr.tv\/en\/wp-json\/wp\/v2\/types\/post"}],"author":[{"embeddable":true,"href":"https:\/\/zjarr.tv\/en\/wp-json\/wp\/v2\/users\/2030"}],"replies":[{"embeddable":true,"href":"https:\/\/zjarr.tv\/en\/wp-json\/wp\/v2\/comments?post=184863"}],"version-history":[{"count":0,"href":"https:\/\/zjarr.tv\/en\/wp-json\/wp\/v2\/posts\/184863\/revisions"}],"wp:featuredmedia":[{"embeddable":true,"href":"https:\/\/zjarr.tv\/en\/wp-json\/wp\/v2\/media\/184864"}],"wp:attachment":[{"href":"https:\/\/zjarr.tv\/en\/wp-json\/wp\/v2\/media?parent=184863"}],"wp:term":[{"taxonomy":"category","embeddable":true,"href":"https:\/\/zjarr.tv\/en\/wp-json\/wp\/v2\/categories?post=184863"},{"taxonomy":"post_tag","embeddable":true,"href":"https:\/\/zjarr.tv\/en\/wp-json\/wp\/v2\/tags?post=184863"}],"curies":[{"name":"wp","href":"https:\/\/api.w.org\/{rel}","templated":true}]}}