{"id":184868,"date":"2021-05-26T18:18:10","date_gmt":"2021-05-26T16:18:10","guid":{"rendered":"https:\/\/zjarr.tv\/?p=184868"},"modified":"2021-05-26T18:18:10","modified_gmt":"2021-05-26T16:18:10","slug":"aksident-ne-misto-mame-makina-fluturon-nga-rruga-dhe-perplas-dy-kembesore","status":"publish","type":"post","link":"https:\/\/zjarr.tv\/en\/aksident-ne-misto-mame-makina-fluturon-nga-rruga-dhe-perplas-dy-kembesore\/","title":{"rendered":"Aksident n\u00eb \u201cMisto Mame\u201d, makina \u2018fluturon\u2019 nga rruga dhe p\u00ebrplas dy k\u00ebmb\u00ebsor\u00eb"},"content":{"rendered":"<p>Nj\u00eb aksident \u00ebsht\u00eb sh\u00ebnuar n\u00eb lagjen Misto Mame n\u00eb kryeqytet, ku nj\u00eb 56-vje\u00e7ar ka humbur kontrollin e mjetit dhe ka dal\u00eb nga rruga. P\u00ebr pasoj\u00eb jan\u00eb plagosur dy kalimtar\u00eb t\u00eb rastit, t\u00eb cil\u00ebt jan\u00eb transportuar p\u00ebr t\u00eb marr\u00eb ndihm\u00ebn e nevojshme mjek\u00ebsore n\u00eb spital, jasht\u00eb rrezikut p\u00ebr jet\u00ebn.<\/p>\n<p>Grupi hetimor dhe policia ndodhen n\u00eb vendngjarje dhe po punojn\u00eb p\u00ebr zbardhjen e rrethanave t\u00eb aksidentit.<\/p>\n<p>Njoftimi i plot\u00eb i policis\u00eb: Tiran\u00eb<\/p>\n<p>Rreth or\u00ebs 17:10, n\u00eb ish Misto-Mame, shtetasi Sh. T., 56 vje\u00e7, ka humbur kontrollin e mjetit duke dal\u00eb jasht\u00eb rruge. Si pasoj\u00eb ka asidentuar dy k\u00ebmb\u00ebsore shtetasit L. K., 23 vje\u00e7e dhe D. D., 60 vje\u00e7, t\u00eb cil\u00ebt ndodhen n\u00eb spital, jasht\u00eb rrezikut p\u00ebr jet\u00ebn.<\/p>\n<p>Vijon puna nga Grupi Hetimor p\u00ebr sqarimin e plot\u00eb e rrethanave t\u00eb ngjarjes.<\/p>","protected":false},"excerpt":{"rendered":"<p>Nj\u00eb aksident \u00ebsht\u00eb sh\u00ebnuar n\u00eb lagjen Misto Mame n\u00eb kryeqytet, ku nj\u00eb 56-vje\u00e7ar ka humbur kontrollin e mjetit dhe ka dal\u00eb nga rruga. P\u00ebr pasoj\u00eb jan\u00eb plagosur dy kalimtar\u00eb t\u00eb rastit, t\u00eb cil\u00ebt jan\u00eb transportuar p\u00ebr t\u00eb marr\u00eb ndihm\u00ebn e nevojshme mjek\u00ebsore n\u00eb spital, jasht\u00eb rrezikut p\u00ebr jet\u00ebn. Grupi hetimor dhe policia ndodhen n\u00eb vendngjarje [&hellip;]<\/p>\n","protected":false},"author":2031,"featured_media":0,"comment_status":"closed","ping_status":"closed","sticky":false,"template":"","format":"standard","meta":{"footnotes":""},"categories":[231],"tags":[312,3321,655,458],"class_list":{"0":"post-184868","1":"post","2":"type-post","3":"status-publish","4":"format-standard","6":"category-lajme","7":"tag-lajme","8":"tag-misto-mame","9":"tag-tirane","10":"tag-zjarrtv"},"_links":{"self":[{"href":"https:\/\/zjarr.tv\/en\/wp-json\/wp\/v2\/posts\/184868","targetHints":{"allow":["GET"]}}],"collection":[{"href":"https:\/\/zjarr.tv\/en\/wp-json\/wp\/v2\/posts"}],"about":[{"href":"https:\/\/zjarr.tv\/en\/wp-json\/wp\/v2\/types\/post"}],"author":[{"embeddable":true,"href":"https:\/\/zjarr.tv\/en\/wp-json\/wp\/v2\/users\/2031"}],"replies":[{"embeddable":true,"href":"https:\/\/zjarr.tv\/en\/wp-json\/wp\/v2\/comments?post=184868"}],"version-history":[{"count":0,"href":"https:\/\/zjarr.tv\/en\/wp-json\/wp\/v2\/posts\/184868\/revisions"}],"wp:attachment":[{"href":"https:\/\/zjarr.tv\/en\/wp-json\/wp\/v2\/media?parent=184868"}],"wp:term":[{"taxonomy":"category","embeddable":true,"href":"https:\/\/zjarr.tv\/en\/wp-json\/wp\/v2\/categories?post=184868"},{"taxonomy":"post_tag","embeddable":true,"href":"https:\/\/zjarr.tv\/en\/wp-json\/wp\/v2\/tags?post=184868"}],"curies":[{"name":"wp","href":"https:\/\/api.w.org\/{rel}","templated":true}]}}