{"id":184895,"date":"2021-05-26T20:08:26","date_gmt":"2021-05-26T18:08:26","guid":{"rendered":"https:\/\/zjarr.tv\/?p=184895"},"modified":"2021-05-26T20:08:26","modified_gmt":"2021-05-26T18:08:26","slug":"kastriot-dervishi-komanda-e-kampit-nr-4-tepelene","status":"publish","type":"post","link":"https:\/\/zjarr.tv\/en\/kastriot-dervishi-komanda-e-kampit-nr-4-tepelene\/","title":{"rendered":"Kastriot Dervishi\/ Komanda e Kampit nr.4 Tepelen\u00eb"},"content":{"rendered":"<p>&nbsp;<\/p>\n<p><img loading=\"lazy\" decoding=\"async\" class=\"alignnone size-medium wp-image-184897\" src=\"https:\/\/zjarr.tv\/wp-content\/uploads\/2021\/05\/Untitled-design-2021-05-26T200809.295-300x251.jpg\" alt=\"\" width=\"300\" height=\"251\" srcset=\"https:\/\/zjarr.tv\/wp-content\/uploads\/2021\/05\/Untitled-design-2021-05-26T200809.295-300x251.jpg 300w, https:\/\/zjarr.tv\/wp-content\/uploads\/2021\/05\/Untitled-design-2021-05-26T200809.295-768x644.jpg 768w, https:\/\/zjarr.tv\/wp-content\/uploads\/2021\/05\/Untitled-design-2021-05-26T200809.295-696x583.jpg 696w, https:\/\/zjarr.tv\/wp-content\/uploads\/2021\/05\/Untitled-design-2021-05-26T200809.295-501x420.jpg 501w, https:\/\/zjarr.tv\/wp-content\/uploads\/2021\/05\/Untitled-design-2021-05-26T200809.295.jpg 940w\" sizes=\"auto, (max-width: 300px) 100vw, 300px\" \/><\/p>\n<p>Nga Kastriot Dervishi<\/p>\n<p>Ata q\u00eb sh\u00ebrbenin p\u00ebr t\u00eb mbajtur t\u00eb izoluar t\u00eb internuarit n\u00eb Kampin nr.4 n\u00eb Tepelen\u00eb ishin gjithsej 29 veta, 21 plus 8. Me p\u00ebrjashtim t\u00eb financierit, normistit dhe kuzhinerit, t\u00eb gjith\u00eb ishin ushtarak\u00eb. Spikat se kampi kishte pun\u00ebtor politik q\u00eb ishte nj\u00eb lloj komisari. Me p\u00ebrjashtim t\u00eb operativit, t\u00eb gjith\u00eb ishin n\u00eb var\u00ebsi t\u00eb Deg\u00ebs s\u00eb Kampeve dhe Burgjeve n\u00eb MPB. Kampi i Tepelen\u00ebs funksionoi n\u00eb vitet 1949-1953. N\u00eb vendin e njohur sot, ishte n\u00eb vitet 1950-1953. Aty u internuan n\u00eb mas\u00eb, f\u00ebmij\u00eb, gra dhe pleq.<\/p>\n<p>Trupa e kampit:<\/p>\n<p>-Komandanti<\/p>\n<p>-Pun\u00ebtori politik<\/p>\n<p>-Pun\u00ebtori operativ i Sigurimit<\/p>\n<p>-Referenti i evidencave<\/p>\n<p>-Skuad\u00ebrkomandant\u00ebt (2)<\/p>\n<p>-N\u00ebnoficer\u00eb pa funksion (6)<\/p>\n<p>-Polic\u00eb (9)<\/p>\n<p>Prapavija:<\/p>\n<p>-Komandanti i sh\u00ebrbimit<\/p>\n<p>-Referenti i ushqimit<\/p>\n<p>-Referenti i materialit<\/p>\n<p>-Magazinieri<\/p>\n<p>-Financieri<\/p>\n<p>-Normisti<\/p>","protected":false},"excerpt":{"rendered":"<p>&nbsp; Nga Kastriot Dervishi Ata q\u00eb sh\u00ebrbenin p\u00ebr t\u00eb mbajtur t\u00eb izoluar t\u00eb internuarit n\u00eb Kampin nr.4 n\u00eb Tepelen\u00eb ishin gjithsej 29 veta, 21 plus 8. Me p\u00ebrjashtim t\u00eb financierit, normistit dhe kuzhinerit, t\u00eb gjith\u00eb ishin ushtarak\u00eb. Spikat se kampi kishte pun\u00ebtor politik q\u00eb ishte nj\u00eb lloj komisari. Me p\u00ebrjashtim t\u00eb operativit, t\u00eb gjith\u00eb ishin [&hellip;]<\/p>\n","protected":false},"author":2030,"featured_media":184896,"comment_status":"closed","ping_status":"closed","sticky":false,"template":"","format":"standard","meta":{"footnotes":""},"categories":[241],"tags":[],"class_list":{"0":"post-184895","1":"post","2":"type-post","3":"status-publish","4":"format-standard","5":"has-post-thumbnail","7":"category-aktualitet"},"_links":{"self":[{"href":"https:\/\/zjarr.tv\/en\/wp-json\/wp\/v2\/posts\/184895","targetHints":{"allow":["GET"]}}],"collection":[{"href":"https:\/\/zjarr.tv\/en\/wp-json\/wp\/v2\/posts"}],"about":[{"href":"https:\/\/zjarr.tv\/en\/wp-json\/wp\/v2\/types\/post"}],"author":[{"embeddable":true,"href":"https:\/\/zjarr.tv\/en\/wp-json\/wp\/v2\/users\/2030"}],"replies":[{"embeddable":true,"href":"https:\/\/zjarr.tv\/en\/wp-json\/wp\/v2\/comments?post=184895"}],"version-history":[{"count":0,"href":"https:\/\/zjarr.tv\/en\/wp-json\/wp\/v2\/posts\/184895\/revisions"}],"wp:featuredmedia":[{"embeddable":true,"href":"https:\/\/zjarr.tv\/en\/wp-json\/wp\/v2\/media\/184896"}],"wp:attachment":[{"href":"https:\/\/zjarr.tv\/en\/wp-json\/wp\/v2\/media?parent=184895"}],"wp:term":[{"taxonomy":"category","embeddable":true,"href":"https:\/\/zjarr.tv\/en\/wp-json\/wp\/v2\/categories?post=184895"},{"taxonomy":"post_tag","embeddable":true,"href":"https:\/\/zjarr.tv\/en\/wp-json\/wp\/v2\/tags?post=184895"}],"curies":[{"name":"wp","href":"https:\/\/api.w.org\/{rel}","templated":true}]}}