{"id":185024,"date":"2021-05-27T16:22:18","date_gmt":"2021-05-27T14:22:18","guid":{"rendered":"https:\/\/zjarr.tv\/?p=185024"},"modified":"2021-05-27T16:27:09","modified_gmt":"2021-05-27T14:27:09","slug":"te-shtena-ne-tirane-dy-persona-qellojne-drejt-nje-20-vjecarit","status":"publish","type":"post","link":"https:\/\/zjarr.tv\/en\/te-shtena-ne-tirane-dy-persona-qellojne-drejt-nje-20-vjecarit\/","title":{"rendered":"T\u00eb sht\u00ebna n\u00eb Tiran\u00eb, dy persona q\u00ebllojn\u00eb drejt nj\u00eb 20 vje\u00e7arit"},"content":{"rendered":"<p>Ngjarja ndodhi pran\u00eb Kompleksit &#8220;Dinamo&#8221; n\u00eb rrethana ende t\u00eb paqarta, brenda ambienteve t\u00eb nj\u00eb lokali.<br \/>\nNj\u00eb 20 vje\u00e7ar \u00ebsht\u00eb plagosur dit\u00ebn e sotme pas t\u00eb shtenave me arm\u00eb n\u00eb Tiran\u00eb. Ai eshte transportuar menjehere ne spital dhe nuk dihet gjendja e tij.<\/p>\n<p>M\u00ebsohet identiteti i 20-vje\u00e7arit t\u00eb plagosur me arm\u00eb zjarri nga dy persona n\u00eb Tiran\u00eb. Ai \u00ebsht\u00eb shtetasi Redi Ka\u00e7orri, nj\u00eb person pa precedent\u00eb penal,i cili \u00ebsht\u00eb q\u00eblluar me arm\u00eb zjarri nga dy persona ende t\u00eb paidentifikuar.<\/p>\n<p>Policia \u00ebsht\u00eb nisur menj\u00ebher\u00eb n\u00eb vendngjarje p\u00ebr t\u00eb zbardhur rrethanat e ngjarjes dhe p\u00ebr kapjen e autor\u00ebve.<\/p>","protected":false},"excerpt":{"rendered":"<p>Ngjarja ndodhi pran\u00eb Kompleksit &#8220;Dinamo&#8221; n\u00eb rrethana ende t\u00eb paqarta, brenda ambienteve t\u00eb nj\u00eb lokali. Nj\u00eb 20 vje\u00e7ar \u00ebsht\u00eb plagosur dit\u00ebn e sotme pas t\u00eb shtenave me arm\u00eb n\u00eb Tiran\u00eb. Ai eshte transportuar menjehere ne spital dhe nuk dihet gjendja e tij. M\u00ebsohet identiteti i 20-vje\u00e7arit t\u00eb plagosur me arm\u00eb zjarri nga dy persona n\u00eb [&hellip;]<\/p>\n","protected":false},"author":2031,"featured_media":148434,"comment_status":"closed","ping_status":"closed","sticky":false,"template":"","format":"standard","meta":{"footnotes":""},"categories":[231],"tags":[],"class_list":{"0":"post-185024","1":"post","2":"type-post","3":"status-publish","4":"format-standard","5":"has-post-thumbnail","7":"category-lajme"},"_links":{"self":[{"href":"https:\/\/zjarr.tv\/en\/wp-json\/wp\/v2\/posts\/185024","targetHints":{"allow":["GET"]}}],"collection":[{"href":"https:\/\/zjarr.tv\/en\/wp-json\/wp\/v2\/posts"}],"about":[{"href":"https:\/\/zjarr.tv\/en\/wp-json\/wp\/v2\/types\/post"}],"author":[{"embeddable":true,"href":"https:\/\/zjarr.tv\/en\/wp-json\/wp\/v2\/users\/2031"}],"replies":[{"embeddable":true,"href":"https:\/\/zjarr.tv\/en\/wp-json\/wp\/v2\/comments?post=185024"}],"version-history":[{"count":0,"href":"https:\/\/zjarr.tv\/en\/wp-json\/wp\/v2\/posts\/185024\/revisions"}],"wp:featuredmedia":[{"embeddable":true,"href":"https:\/\/zjarr.tv\/en\/wp-json\/wp\/v2\/media\/148434"}],"wp:attachment":[{"href":"https:\/\/zjarr.tv\/en\/wp-json\/wp\/v2\/media?parent=185024"}],"wp:term":[{"taxonomy":"category","embeddable":true,"href":"https:\/\/zjarr.tv\/en\/wp-json\/wp\/v2\/categories?post=185024"},{"taxonomy":"post_tag","embeddable":true,"href":"https:\/\/zjarr.tv\/en\/wp-json\/wp\/v2\/tags?post=185024"}],"curies":[{"name":"wp","href":"https:\/\/api.w.org\/{rel}","templated":true}]}}