{"id":185050,"date":"2021-05-27T18:02:54","date_gmt":"2021-05-27T16:02:54","guid":{"rendered":"https:\/\/zjarr.tv\/?p=185050"},"modified":"2021-05-27T18:03:26","modified_gmt":"2021-05-27T16:03:26","slug":"ambasadoret-e-be-priten-me-gaz-e-hare-ne-korce-soreca-ia-merr-kenges-perkrah-marsela-cibukaj-video","status":"publish","type":"post","link":"https:\/\/zjarr.tv\/en\/ambasadoret-e-be-priten-me-gaz-e-hare-ne-korce-soreca-ia-merr-kenges-perkrah-marsela-cibukaj-video\/","title":{"rendered":"Ambasador\u00ebt e BE priten me gaz e hare n\u00eb Kor\u00e7\u00eb, Soreca ia merr k\u00ebng\u00ebs p\u00ebrkrah Marsela \u00c7ibukaj (VIDEO)"},"content":{"rendered":"<p style=\"background: white; margin: 0in 0in 19.5pt 0in;\">Ambasadori i BE n\u00eb vendin ton\u00eb Luigi Soreca n\u00eb kuad\u00ebr t\u00eb dit\u00ebve t\u00eb Europ\u00ebs, ka vizituar qytetin e Kor\u00e7\u00ebs,\u00a0 ku \u00ebsht\u00eb surprizuar nga f\u00ebmij\u00ebt q\u00eb e kan\u00eb pritur me k\u00ebng\u00eb e me valle n\u00eb qend\u00ebr t\u00eb Pazarit.<\/p>\n<p style=\"background: white; -webkit-tap-highlight-color: transparent !important; box-sizing: border-box; overflow-wrap: break-word; font-variant-ligatures: normal; font-variant-caps: normal; orphans: 2; widows: 2; -webkit-text-stroke-width: 0px; text-decoration-thickness: initial; text-decoration-style: initial; text-decoration-color: initial; word-spacing: 0px; margin: 0in 0in 19.5pt 0in;\">Soreca bashk\u00eb me ekipin e tij dhe ambasadoren e Suedis\u00eb kan\u00eb kaluar nj\u00eb dit\u00eb t\u00eb paharrueshme n\u00eb qytetin e serenatave, n\u00ebn motivet dhe tingujt e k\u00ebng\u00ebve popullore.<\/p>\n<p style=\"background: white; -webkit-tap-highlight-color: transparent !important; box-sizing: border-box; overflow-wrap: break-word; font-variant-ligatures: normal; font-variant-caps: normal; orphans: 2; widows: 2; -webkit-text-stroke-width: 0px; text-decoration-thickness: initial; text-decoration-style: initial; text-decoration-color: initial; word-spacing: 0px; margin: 0in 0in 19.5pt 0in;\">N\u00eb nj\u00eb moment zyrtari i BE, Soreca shihet duke k\u00ebnduar p\u00ebrkrah k\u00ebng\u00ebtares Marsela \u00c7ibukaj. Kjo dit\u00eb \u00ebsht\u00eb kthyer si nj\u00eb dit\u00eb feste edhe p\u00ebr qytetar\u00ebt e shumt\u00eb kor\u00e7ar\u00eb, ndon\u00ebse masat kufizuese nuk lejojn\u00eb grumbullimin e m\u00eb shum\u00eb se 50 personave.<\/p>\n<p style=\"background: white; -webkit-tap-highlight-color: transparent !important; box-sizing: border-box; overflow-wrap: break-word; font-variant-ligatures: normal; font-variant-caps: normal; orphans: 2; widows: 2; -webkit-text-stroke-width: 0px; text-decoration-thickness: initial; text-decoration-style: initial; text-decoration-color: initial; word-spacing: 0px; margin: 0in 0in 19.5pt 0in;\">\u201cShikoni videon mahnit\u00ebse t\u00eb nj\u00eb dite t\u00eb paharrueshme n\u00eb Korc\u00eb. I p\u00ebrulur nga pritja e f\u00ebmij\u00ebve t\u00eb\u00a0 Kor\u00e7\u00ebs q\u00eb k\u00ebndojn\u00eb n\u00eb Od\u00ebn e G\u00ebzimit. \u201cNe nuk duhet t\u2019ju shpjegojm\u00eb se \u00e7far\u00eb \u00ebsht\u00eb Evropa, sepse Shqip\u00ebria \u00ebsht\u00eb Evrop\u00eb\u201d # EuropeisHereisbecause # HereisEurope.MirupfashimKor\u00e7a!\u201d, shkruan Soreca n\u00eb Twitter.<\/p>\n<blockquote class=\"twitter-tweet\" data-width=\"550\" data-dnt=\"true\">\n<p lang=\"en\" dir=\"ltr\">Thank you <a href=\"https:\/\/twitter.com\/hashtag\/Kor%C3%A7a?src=hash&amp;ref_src=twsrc%5Etfw\">#Kor\u00e7a<\/a> \ud83c\udde6\ud83c\uddf1 for the unforgettable night! Take a look \ud83d\udc47 at the amazing atmosphere during our <a href=\"https:\/\/twitter.com\/hashtag\/EuropeWeeks2021?src=hash&amp;ref_src=twsrc%5Etfw\">#EuropeWeeks2021<\/a> \ud83d\ude8d events in the city of serenades. <a href=\"https:\/\/t.co\/pFFNFroCTe\">pic.twitter.com\/pFFNFroCTe<\/a><\/p>\n<p>&mdash; EU in Albania (@EUinAlbania) <a href=\"https:\/\/twitter.com\/EUinAlbania\/status\/1397646595747950593?ref_src=twsrc%5Etfw\">May 26, 2021<\/a><\/p><\/blockquote>\n<p><script async src=\"https:\/\/platform.twitter.com\/widgets.js\" charset=\"utf-8\"><\/script><\/p>","protected":false},"excerpt":{"rendered":"<p>Ambasadori i BE n\u00eb vendin ton\u00eb Luigi Soreca n\u00eb kuad\u00ebr t\u00eb dit\u00ebve t\u00eb Europ\u00ebs, ka vizituar qytetin e Kor\u00e7\u00ebs,\u00a0 ku \u00ebsht\u00eb surprizuar nga f\u00ebmij\u00ebt q\u00eb e kan\u00eb pritur me k\u00ebng\u00eb e me valle n\u00eb qend\u00ebr t\u00eb Pazarit. Soreca bashk\u00eb me ekipin e tij dhe ambasadoren e Suedis\u00eb kan\u00eb kaluar nj\u00eb dit\u00eb t\u00eb paharrueshme n\u00eb qytetin [&hellip;]<\/p>\n","protected":false},"author":2030,"featured_media":185053,"comment_status":"closed","ping_status":"closed","sticky":false,"template":"","format":"standard","meta":{"footnotes":""},"categories":[241],"tags":[],"class_list":{"0":"post-185050","1":"post","2":"type-post","3":"status-publish","4":"format-standard","5":"has-post-thumbnail","7":"category-aktualitet"},"_links":{"self":[{"href":"https:\/\/zjarr.tv\/en\/wp-json\/wp\/v2\/posts\/185050","targetHints":{"allow":["GET"]}}],"collection":[{"href":"https:\/\/zjarr.tv\/en\/wp-json\/wp\/v2\/posts"}],"about":[{"href":"https:\/\/zjarr.tv\/en\/wp-json\/wp\/v2\/types\/post"}],"author":[{"embeddable":true,"href":"https:\/\/zjarr.tv\/en\/wp-json\/wp\/v2\/users\/2030"}],"replies":[{"embeddable":true,"href":"https:\/\/zjarr.tv\/en\/wp-json\/wp\/v2\/comments?post=185050"}],"version-history":[{"count":0,"href":"https:\/\/zjarr.tv\/en\/wp-json\/wp\/v2\/posts\/185050\/revisions"}],"wp:featuredmedia":[{"embeddable":true,"href":"https:\/\/zjarr.tv\/en\/wp-json\/wp\/v2\/media\/185053"}],"wp:attachment":[{"href":"https:\/\/zjarr.tv\/en\/wp-json\/wp\/v2\/media?parent=185050"}],"wp:term":[{"taxonomy":"category","embeddable":true,"href":"https:\/\/zjarr.tv\/en\/wp-json\/wp\/v2\/categories?post=185050"},{"taxonomy":"post_tag","embeddable":true,"href":"https:\/\/zjarr.tv\/en\/wp-json\/wp\/v2\/tags?post=185050"}],"curies":[{"name":"wp","href":"https:\/\/api.w.org\/{rel}","templated":true}]}}