{"id":185068,"date":"2021-05-27T18:30:40","date_gmt":"2021-05-27T16:30:40","guid":{"rendered":"https:\/\/zjarr.tv\/?p=185068"},"modified":"2021-05-27T18:30:40","modified_gmt":"2021-05-27T16:30:40","slug":"ora-policore-fillon-ne-2300-ironia-nga-genc-sejkos-qeveria-nuk-e-zgjati-me-shume-se-nje-ore-sepse-nuk-do-qe-te-mesoheni-me-liri","status":"publish","type":"post","link":"https:\/\/zjarr.tv\/en\/ora-policore-fillon-ne-2300-ironia-nga-genc-sejkos-qeveria-nuk-e-zgjati-me-shume-se-nje-ore-sepse-nuk-do-qe-te-mesoheni-me-liri\/","title":{"rendered":"Ora policore fillon n\u00eb 23:00\/ Ironia nga Genc Sejkos: Qeveria nuk e zgjati m\u00eb shum\u00eb se nj\u00eb or\u00eb, sepse nuk do q\u00eb t\u00eb m\u00ebsoheni me liri"},"content":{"rendered":"<p>Dit\u00ebn e sotme, Komiteti Teknik i Ekspert\u00ebve mori disa vendime leht\u00ebsuse, ku \u00a0vendosi q\u00eb ora policore t\u00eb shtyhej me nj\u00eb or\u00eb, maska n\u00eb publik nuk do t\u00eb vendoset m\u00eb.<\/p>\n<p>Shtyrja e ores policore deri n\u00eb or\u00ebn 23:00 nuk e ka l\u00ebn\u00eb pa ironizuar Genc Sejko, i cili p\u00ebrmes nj\u00eb statusi n\u00eb Facebook shkruan: <em>Qeveria nuk e zgjati or\u00ebn policore me m\u00eb shum\u00eb se nj\u00eb or\u00eb sepse nuk donte q\u00eb t\u00eb mosoheni keq me liri.<\/em><\/p>\n<p><img loading=\"lazy\" decoding=\"async\" class=\"alignnone size-medium wp-image-185069\" src=\"https:\/\/zjarr.tv\/wp-content\/uploads\/2021\/05\/Untitled-design-2021-05-27T182551.581-300x251.jpg\" alt=\"\" width=\"300\" height=\"251\" srcset=\"https:\/\/zjarr.tv\/wp-content\/uploads\/2021\/05\/Untitled-design-2021-05-27T182551.581-300x251.jpg 300w, https:\/\/zjarr.tv\/wp-content\/uploads\/2021\/05\/Untitled-design-2021-05-27T182551.581-768x644.jpg 768w, https:\/\/zjarr.tv\/wp-content\/uploads\/2021\/05\/Untitled-design-2021-05-27T182551.581-696x583.jpg 696w, https:\/\/zjarr.tv\/wp-content\/uploads\/2021\/05\/Untitled-design-2021-05-27T182551.581-501x420.jpg 501w, https:\/\/zjarr.tv\/wp-content\/uploads\/2021\/05\/Untitled-design-2021-05-27T182551.581.jpg 940w\" sizes=\"auto, (max-width: 300px) 100vw, 300px\" \/><\/p>","protected":false},"excerpt":{"rendered":"<p>Dit\u00ebn e sotme, Komiteti Teknik i Ekspert\u00ebve mori disa vendime leht\u00ebsuse, ku \u00a0vendosi q\u00eb ora policore t\u00eb shtyhej me nj\u00eb or\u00eb, maska n\u00eb publik nuk do t\u00eb vendoset m\u00eb. Shtyrja e ores policore deri n\u00eb or\u00ebn 23:00 nuk e ka l\u00ebn\u00eb pa ironizuar Genc Sejko, i cili p\u00ebrmes nj\u00eb statusi n\u00eb Facebook shkruan: Qeveria nuk [&hellip;]<\/p>\n","protected":false},"author":2030,"featured_media":185070,"comment_status":"closed","ping_status":"closed","sticky":false,"template":"","format":"standard","meta":{"footnotes":""},"categories":[241,364],"tags":[],"class_list":{"0":"post-185068","1":"post","2":"type-post","3":"status-publish","4":"format-standard","5":"has-post-thumbnail","7":"category-aktualitet","8":"category-koment-opinion"},"_links":{"self":[{"href":"https:\/\/zjarr.tv\/en\/wp-json\/wp\/v2\/posts\/185068","targetHints":{"allow":["GET"]}}],"collection":[{"href":"https:\/\/zjarr.tv\/en\/wp-json\/wp\/v2\/posts"}],"about":[{"href":"https:\/\/zjarr.tv\/en\/wp-json\/wp\/v2\/types\/post"}],"author":[{"embeddable":true,"href":"https:\/\/zjarr.tv\/en\/wp-json\/wp\/v2\/users\/2030"}],"replies":[{"embeddable":true,"href":"https:\/\/zjarr.tv\/en\/wp-json\/wp\/v2\/comments?post=185068"}],"version-history":[{"count":0,"href":"https:\/\/zjarr.tv\/en\/wp-json\/wp\/v2\/posts\/185068\/revisions"}],"wp:featuredmedia":[{"embeddable":true,"href":"https:\/\/zjarr.tv\/en\/wp-json\/wp\/v2\/media\/185070"}],"wp:attachment":[{"href":"https:\/\/zjarr.tv\/en\/wp-json\/wp\/v2\/media?parent=185068"}],"wp:term":[{"taxonomy":"category","embeddable":true,"href":"https:\/\/zjarr.tv\/en\/wp-json\/wp\/v2\/categories?post=185068"},{"taxonomy":"post_tag","embeddable":true,"href":"https:\/\/zjarr.tv\/en\/wp-json\/wp\/v2\/tags?post=185068"}],"curies":[{"name":"wp","href":"https:\/\/api.w.org\/{rel}","templated":true}]}}