{"id":185109,"date":"2021-05-28T08:08:40","date_gmt":"2021-05-28T06:08:40","guid":{"rendered":"https:\/\/zjarr.tv\/?p=185109"},"modified":"2021-05-28T08:08:40","modified_gmt":"2021-05-28T06:08:40","slug":"fatbardh-kadillin-e-kap-entuziazmi-i-gares-per-kryetar-vetem-une-mund-ta-rrezoj-edi-ramen","status":"publish","type":"post","link":"https:\/\/zjarr.tv\/en\/fatbardh-kadillin-e-kap-entuziazmi-i-gares-per-kryetar-vetem-une-mund-ta-rrezoj-edi-ramen\/","title":{"rendered":"Fatbardh Kadillin e kap entuziazmi i gar\u00ebs p\u00ebr Kryetar: Vet\u00ebm un\u00eb mund ta rr\u00ebzoj Edi Ram\u00ebn"},"content":{"rendered":"<p>Kandidati p\u00ebr kreun e Partis\u00eb Demokratike, Fatbardh Kadilli, ka deklaruar mbr\u00ebmjen e djeshme, se Edi Ram\u00ebn mund ta rr\u00ebzoj\u00eb vet\u00ebm ai.<\/p>\n<p>I ftuar n\u00eb Syri TV, Fatbardh Kadilli, u shpreh se k\u00ebt\u00eb gj\u00eb, ai mund ta realizoj\u00eb vet\u00ebm me ndihm\u00ebn e demokrat\u00ebve. Ai shtoi se PD duhet t\u00eb ket\u00eb ethe.<\/p>\n<p><em>\u201cRama nuk ik\u00ebn kurr\u00eb! Vet\u00ebm kur t\u2019i mbushet mendja. Un\u00eb mund ta rr\u00ebzoj, e mund! E mund me Partin\u00eb Demokratike. Duhet t\u00eb ket\u00eb ethe PD-ja,<\/em>\u201d tha Kadilli.<\/p>","protected":false},"excerpt":{"rendered":"<p>Kandidati p\u00ebr kreun e Partis\u00eb Demokratike, Fatbardh Kadilli, ka deklaruar mbr\u00ebmjen e djeshme, se Edi Ram\u00ebn mund ta rr\u00ebzoj\u00eb vet\u00ebm ai. I ftuar n\u00eb Syri TV, Fatbardh Kadilli, u shpreh se k\u00ebt\u00eb gj\u00eb, ai mund ta realizoj\u00eb vet\u00ebm me ndihm\u00ebn e demokrat\u00ebve. Ai shtoi se PD duhet t\u00eb ket\u00eb ethe. \u201cRama nuk ik\u00ebn kurr\u00eb! Vet\u00ebm [&hellip;]<\/p>\n","protected":false},"author":2016,"featured_media":185111,"comment_status":"closed","ping_status":"closed","sticky":false,"template":"","format":"standard","meta":{"footnotes":""},"categories":[241,1454],"tags":[3354],"class_list":{"0":"post-185109","1":"post","2":"type-post","3":"status-publish","4":"format-standard","5":"has-post-thumbnail","7":"category-aktualitet","8":"category-politike","9":"tag-lajme-zjarr-kadillin-e-kap-entuziazmi-i-gares-zjarr-tv"},"_links":{"self":[{"href":"https:\/\/zjarr.tv\/en\/wp-json\/wp\/v2\/posts\/185109","targetHints":{"allow":["GET"]}}],"collection":[{"href":"https:\/\/zjarr.tv\/en\/wp-json\/wp\/v2\/posts"}],"about":[{"href":"https:\/\/zjarr.tv\/en\/wp-json\/wp\/v2\/types\/post"}],"author":[{"embeddable":true,"href":"https:\/\/zjarr.tv\/en\/wp-json\/wp\/v2\/users\/2016"}],"replies":[{"embeddable":true,"href":"https:\/\/zjarr.tv\/en\/wp-json\/wp\/v2\/comments?post=185109"}],"version-history":[{"count":0,"href":"https:\/\/zjarr.tv\/en\/wp-json\/wp\/v2\/posts\/185109\/revisions"}],"wp:featuredmedia":[{"embeddable":true,"href":"https:\/\/zjarr.tv\/en\/wp-json\/wp\/v2\/media\/185111"}],"wp:attachment":[{"href":"https:\/\/zjarr.tv\/en\/wp-json\/wp\/v2\/media?parent=185109"}],"wp:term":[{"taxonomy":"category","embeddable":true,"href":"https:\/\/zjarr.tv\/en\/wp-json\/wp\/v2\/categories?post=185109"},{"taxonomy":"post_tag","embeddable":true,"href":"https:\/\/zjarr.tv\/en\/wp-json\/wp\/v2\/tags?post=185109"}],"curies":[{"name":"wp","href":"https:\/\/api.w.org\/{rel}","templated":true}]}}