{"id":185115,"date":"2021-05-28T08:21:27","date_gmt":"2021-05-28T06:21:27","guid":{"rendered":"https:\/\/zjarr.tv\/?p=185115"},"modified":"2021-05-28T08:21:27","modified_gmt":"2021-05-28T06:21:27","slug":"leshon-gjuhen-keq-dritan-hila-shpallja-non-grata-e-berishes-e-ka-cliruar-shoqerine-shqiptare","status":"publish","type":"post","link":"https:\/\/zjarr.tv\/en\/leshon-gjuhen-keq-dritan-hila-shpallja-non-grata-e-berishes-e-ka-cliruar-shoqerine-shqiptare\/","title":{"rendered":"L\u00ebshon gjuh\u00ebn keq Dritan Hila: Shpallja \u201cnon-grata\u201d e Berish\u00ebs e ka \u00e7liruar shoq\u00ebrin\u00eb shqiptare\u2026"},"content":{"rendered":"<p style=\"background: white; margin: 0in 0in 19.5pt 0in;\"><span style=\"color: #222222;\">Ai tha se t\u00eb gjith\u00eb e din\u00eb q\u00eb Berisha eleminoi kat\u00ebr protestuesve t\u00eb 21 janarit, duke shtuar se nuk ka pasur asnj\u00ebher\u00eb drejt\u00ebsi.<\/span><\/p>\n<p style=\"background: white; -webkit-tap-highlight-color: transparent !important; box-sizing: border-box; overflow-wrap: break-word; font-variant-ligatures: normal; font-variant-caps: normal; orphans: 2; widows: 2; -webkit-text-stroke-width: 0px; text-decoration-thickness: initial; text-decoration-style: initial; text-decoration-color: initial; word-spacing: 0px; margin: 0in 0in 19.5pt 0in;\"><span style=\"color: #222222;\">\u201cProkurori i njohur Shk\u00eblqim Hajdari tha ai, ka qendruar tre dit\u00eb jasht\u00eb kryeministris\u00eb pasi nuk lejohesh t\u00eb hyje t\u00eb merrje prova\u201d.<\/span><\/p>\n<p style=\"background: white; -webkit-tap-highlight-color: transparent !important; box-sizing: border-box; overflow-wrap: break-word; font-variant-ligatures: normal; font-variant-caps: normal; orphans: 2; widows: 2; -webkit-text-stroke-width: 0px; text-decoration-thickness: initial; text-decoration-style: initial; text-decoration-color: initial; word-spacing: 0px; margin: 0in 0in 19.5pt 0in;\"><strong style=\"-webkit-tap-highlight-color: transparent !important; box-sizing: border-box;\"><span style=\"color: #222222;\">Dritan Hila:<\/span><\/strong><span style=\"color: #222222;\">\u00a0Shpallja \u201cnon-grata\u201d e Berish\u00ebs e ka \u00e7liruar shoq\u00ebrin\u00eb shqiptare dhe institucionet shqiptare. Ishte shum\u00eb i fort\u00eb, por i kan\u00eb r\u00ebn\u00eb fuqit\u00eb pas shpalljes \u201cnon-grata\u201d. Ca e mbrojn\u00eb se kan\u00eb interesa, ca e mbrojn\u00eb se kan\u00eb frik\u00eb. Un\u00eb them, n\u00ebse nuk hapen sot kur do hapen? Pas nj\u00eb viti do thoshim u hap\u00ebn p\u00ebr zgjedhje lokale, pas 4 vitesh do thoshim po p\u00ebrgatit Rama mandatin e kat\u00ebrt. \u00cbsht\u00eb \u00e7lirim p\u00ebr shoq\u00ebrin\u00eb. G\u00ebrdeci ishte nj\u00eb \u00e7\u00ebshtje politike ku ishte implikuar t\u00ebr\u00ebsisht Berisha. E dim\u00eb se 21 janari \u00ebsht\u00eb b\u00ebr\u00eb dhe ata 4 jan\u00eb eleminuar me urdh\u00ebr t\u00eb Berish\u00ebs. Shk\u00eblqim Hajdari ka th\u00ebn\u00eb se shyqyr na lan\u00eb pas tre dit\u00ebsh t\u00eb hyjm\u00eb n\u00eb kryeministri, nuk hynte prokuroria aty p\u00ebr tre dit\u00eb p\u00ebr t\u00eb marr\u00eb provat gzehojat. Dhe gardist\u00ebt mjekoheshin aty me abulanca. Mendoni se ka pasur drejt\u00ebsi kur Berisha i thoshte prokurores s\u00eb p\u00ebrgjithshme lavire bulevardi.<\/span><\/p>","protected":false},"excerpt":{"rendered":"<p>Ai tha se t\u00eb gjith\u00eb e din\u00eb q\u00eb Berisha eleminoi kat\u00ebr protestuesve t\u00eb 21 janarit, duke shtuar se nuk ka pasur asnj\u00ebher\u00eb drejt\u00ebsi. \u201cProkurori i njohur Shk\u00eblqim Hajdari tha ai, ka qendruar tre dit\u00eb jasht\u00eb kryeministris\u00eb pasi nuk lejohesh t\u00eb hyje t\u00eb merrje prova\u201d. Dritan Hila:\u00a0Shpallja \u201cnon-grata\u201d e Berish\u00ebs e ka \u00e7liruar shoq\u00ebrin\u00eb shqiptare dhe [&hellip;]<\/p>\n","protected":false},"author":2016,"featured_media":185117,"comment_status":"closed","ping_status":"closed","sticky":false,"template":"","format":"standard","meta":{"footnotes":""},"categories":[241],"tags":[3356],"class_list":{"0":"post-185115","1":"post","2":"type-post","3":"status-publish","4":"format-standard","5":"has-post-thumbnail","7":"category-aktualitet","8":"tag-lajme-zjarr-leshon-gjuhen-keq-dritan-hila-zjarr-tv"},"_links":{"self":[{"href":"https:\/\/zjarr.tv\/en\/wp-json\/wp\/v2\/posts\/185115","targetHints":{"allow":["GET"]}}],"collection":[{"href":"https:\/\/zjarr.tv\/en\/wp-json\/wp\/v2\/posts"}],"about":[{"href":"https:\/\/zjarr.tv\/en\/wp-json\/wp\/v2\/types\/post"}],"author":[{"embeddable":true,"href":"https:\/\/zjarr.tv\/en\/wp-json\/wp\/v2\/users\/2016"}],"replies":[{"embeddable":true,"href":"https:\/\/zjarr.tv\/en\/wp-json\/wp\/v2\/comments?post=185115"}],"version-history":[{"count":0,"href":"https:\/\/zjarr.tv\/en\/wp-json\/wp\/v2\/posts\/185115\/revisions"}],"wp:featuredmedia":[{"embeddable":true,"href":"https:\/\/zjarr.tv\/en\/wp-json\/wp\/v2\/media\/185117"}],"wp:attachment":[{"href":"https:\/\/zjarr.tv\/en\/wp-json\/wp\/v2\/media?parent=185115"}],"wp:term":[{"taxonomy":"category","embeddable":true,"href":"https:\/\/zjarr.tv\/en\/wp-json\/wp\/v2\/categories?post=185115"},{"taxonomy":"post_tag","embeddable":true,"href":"https:\/\/zjarr.tv\/en\/wp-json\/wp\/v2\/tags?post=185115"}],"curies":[{"name":"wp","href":"https:\/\/api.w.org\/{rel}","templated":true}]}}