{"id":185845,"date":"2021-06-01T12:17:06","date_gmt":"2021-06-01T10:17:06","guid":{"rendered":"https:\/\/zjarr.tv\/?p=185845"},"modified":"2021-06-01T12:17:06","modified_gmt":"2021-06-01T10:17:06","slug":"rama-dhe-soreca-inspektojne-punimet-ne-shkollat-e-kurbinit-kryeministri-skane-asgje-me-pak-se-ato-te-be-soreca-europa-eshte-ketu","status":"publish","type":"post","link":"https:\/\/zjarr.tv\/en\/rama-dhe-soreca-inspektojne-punimet-ne-shkollat-e-kurbinit-kryeministri-skane-asgje-me-pak-se-ato-te-be-soreca-europa-eshte-ketu\/","title":{"rendered":"Rama dhe Soreca inspektojn\u00eb punimet n\u00eb shkollat e Kurbinit\/ Kryeministri: S\u2019kan\u00eb asgj\u00eb m\u00eb pak se ato t\u00eb BE, Soreca: Europa \u00ebsht\u00eb k\u00ebtu\u2026"},"content":{"rendered":"<p style=\"background: white; margin: 0in 0in 19.5pt 0in;\"><span style=\"color: #222222;\">Kryeministri Edi Rama, s\u00eb bashku me ambasadorin e BE, Luigi Soreca dit\u00ebn e sotme, kan\u00eb vizituar shkollat e reja q\u00eb po rind\u00ebrtohen n\u00eb Kurbin, t\u00eb finacuara nga Bashkimi Europian.<\/span><\/p>\n<p style=\"background: white; -webkit-tap-highlight-color: transparent !important; box-sizing: border-box; overflow-wrap: break-word; font-variant-ligatures: normal; font-variant-caps: normal; orphans: 2; widows: 2; -webkit-text-stroke-width: 0px; text-decoration-thickness: initial; text-decoration-style: initial; text-decoration-color: initial; word-spacing: 0px; margin: 0in 0in 19.5pt 0in;\"><span style=\"color: #222222;\">Soreca tha se jan\u00eb dhuruar 75 milion euro p\u00ebr m\u00eb shum\u00eb se 60 shkolla, t\u00eb cilat financohen nga Komisioni Europian. <\/span><span style=\"color: #222222;\">\u201cSot jemi n\u00eb Kurbin me kryeministrin dhe me miqet tan\u00eb dhe kordiantoren e OKB. Nga BE jan\u00eb 75 milion euro p\u00ebr m\u00eb shum\u00eb se 60 shkolla q\u00eb jan\u00eb dhuruar nga Komisioni Europian. <\/span><\/p>\n<p style=\"background: white; -webkit-tap-highlight-color: transparent !important; box-sizing: border-box; overflow-wrap: break-word; font-variant-ligatures: normal; font-variant-caps: normal; orphans: 2; widows: 2; -webkit-text-stroke-width: 0px; text-decoration-thickness: initial; text-decoration-style: initial; text-decoration-color: initial; word-spacing: 0px; margin: 0in 0in 19.5pt 0in;\"><span style=\"color: #222222;\">Sot jemi n\u00eb sholl\u00ebn e dyt\u00eb n\u00eb Kurbin q\u00eb po nd\u00ebrtohet nga e para dhe po shikonim cil\u00ebsin\u00eb e nd\u00ebrtimit. Europa \u00ebsht\u00eb k\u00ebtu\u201d, tha Soreca nd\u00ebr t\u00eb tjera.<\/span><\/p>\n<p style=\"background: white; -webkit-tap-highlight-color: transparent !important; box-sizing: border-box; overflow-wrap: break-word; font-variant-ligatures: normal; font-variant-caps: normal; orphans: 2; widows: 2; -webkit-text-stroke-width: 0px; text-decoration-thickness: initial; text-decoration-style: initial; text-decoration-color: initial; word-spacing: 0px; margin: 0in 0in 19.5pt 0in;\"><span style=\"color: #222222;\">Nd\u00ebrsa kryeministri Rama, tha se shkollat e reja jan\u00eb me t\u00eb gjith\u00eb standartet Europiane.<\/span><\/p>\n<p style=\"background: white; -webkit-tap-highlight-color: transparent !important; box-sizing: border-box; overflow-wrap: break-word; font-variant-ligatures: normal; font-variant-caps: normal; orphans: 2; widows: 2; -webkit-text-stroke-width: 0px; text-decoration-thickness: initial; text-decoration-style: initial; text-decoration-color: initial; word-spacing: 0px; margin: 0in 0in 19.5pt 0in;\"><span style=\"color: #222222;\">\u201cProjekti ku jemi k\u00ebtu \u00ebsht\u00eb pjes\u00eb e faz\u00ebs s\u00eb dyt\u00eb, pasi jemi drejt finalizimit t\u00eb par\u00eb nga qeveria. Jeni m\u00eb faz\u00ebn e dyt\u00eb nga BE p\u00ebr t\u00eb nd\u00ebrtuar shkolla me nj\u00eb cil\u00ebs t\u00eb lart\u00eb q\u00eb nuk asgj\u00eb m\u00eb pask se shkollat e mia n\u00eb BE. P\u00ebrvec t\u00eb tjerave jan\u00eb shkolla me eficenc energjitike, q\u00eb kursejn\u00eb energji dhe nj\u00eb mirkoklim m\u00eb t\u00eb k\u00ebndshme. Dua t\u00eb falenderoj t\u00eb gjith\u00eb partner\u00ebt tan\u00eb, ve\u00e7an\u00ebrisht mikun ton\u00eb\u00a0 napolitan, ambasadorin e BE,\u201d tha Rama.<\/span><\/p>","protected":false},"excerpt":{"rendered":"<p>Kryeministri Edi Rama, s\u00eb bashku me ambasadorin e BE, Luigi Soreca dit\u00ebn e sotme, kan\u00eb vizituar shkollat e reja q\u00eb po rind\u00ebrtohen n\u00eb Kurbin, t\u00eb finacuara nga Bashkimi Europian. Soreca tha se jan\u00eb dhuruar 75 milion euro p\u00ebr m\u00eb shum\u00eb se 60 shkolla, t\u00eb cilat financohen nga Komisioni Europian. \u201cSot jemi n\u00eb Kurbin me kryeministrin [&hellip;]<\/p>\n","protected":false},"author":2016,"featured_media":185852,"comment_status":"closed","ping_status":"closed","sticky":false,"template":"","format":"standard","meta":{"footnotes":""},"categories":[241],"tags":[3451],"class_list":{"0":"post-185845","1":"post","2":"type-post","3":"status-publish","4":"format-standard","5":"has-post-thumbnail","7":"category-aktualitet","8":"tag-lajme-zjarr-soreca-europa-eshte-ketu-zjarr-tv"},"_links":{"self":[{"href":"https:\/\/zjarr.tv\/en\/wp-json\/wp\/v2\/posts\/185845","targetHints":{"allow":["GET"]}}],"collection":[{"href":"https:\/\/zjarr.tv\/en\/wp-json\/wp\/v2\/posts"}],"about":[{"href":"https:\/\/zjarr.tv\/en\/wp-json\/wp\/v2\/types\/post"}],"author":[{"embeddable":true,"href":"https:\/\/zjarr.tv\/en\/wp-json\/wp\/v2\/users\/2016"}],"replies":[{"embeddable":true,"href":"https:\/\/zjarr.tv\/en\/wp-json\/wp\/v2\/comments?post=185845"}],"version-history":[{"count":0,"href":"https:\/\/zjarr.tv\/en\/wp-json\/wp\/v2\/posts\/185845\/revisions"}],"wp:featuredmedia":[{"embeddable":true,"href":"https:\/\/zjarr.tv\/en\/wp-json\/wp\/v2\/media\/185852"}],"wp:attachment":[{"href":"https:\/\/zjarr.tv\/en\/wp-json\/wp\/v2\/media?parent=185845"}],"wp:term":[{"taxonomy":"category","embeddable":true,"href":"https:\/\/zjarr.tv\/en\/wp-json\/wp\/v2\/categories?post=185845"},{"taxonomy":"post_tag","embeddable":true,"href":"https:\/\/zjarr.tv\/en\/wp-json\/wp\/v2\/tags?post=185845"}],"curies":[{"name":"wp","href":"https:\/\/api.w.org\/{rel}","templated":true}]}}