{"id":185846,"date":"2021-06-01T12:15:16","date_gmt":"2021-06-01T10:15:16","guid":{"rendered":"https:\/\/zjarr.tv\/?p=185846"},"modified":"2021-06-01T12:16:08","modified_gmt":"2021-06-01T10:16:08","slug":"nga-zgjatja-e-ores-policore-tek-heqja-e-mases-masat-e-reja-qe-hyjne-ne-fuqi-sot","status":"publish","type":"post","link":"https:\/\/zjarr.tv\/en\/nga-zgjatja-e-ores-policore-tek-heqja-e-mases-masat-e-reja-qe-hyjne-ne-fuqi-sot\/","title":{"rendered":"Nga zgjatja e or\u00ebs policore, tek heqja e mas\u00ebs, MASAT e REJA q\u00eb hyjn\u00eb n\u00eb fuqi sot"},"content":{"rendered":"<p style=\"background: white; margin: 0in 0in 19.5pt 0in;\">Dit\u00ebn e sotme hyjn\u00eb n\u00eb fuqi masat e reja leht\u00ebsuese kund\u00ebr Covid 19.<\/p>\n<p style=\"background: white; -webkit-tap-highlight-color: transparent !important; box-sizing: border-box; overflow-wrap: break-word; font-variant-ligatures: normal; font-variant-caps: normal; orphans: 2; widows: 2; -webkit-text-stroke-width: 0px; text-decoration-thickness: initial; text-decoration-style: initial; text-decoration-color: initial; word-spacing: 0px; margin: 0in 0in 19.5pt 0in;\">Komiteti Teknik i Ekspert\u00ebve kat\u00ebr dit\u00eb m\u00eb par\u00eb vendosi t\u00eb leht\u00ebsoj\u00eb masat anti-Covid, pasi situata nga pandemia \u00ebsht\u00eb n\u00eb p\u00ebmir\u00ebsim dhe numri i t\u00eb infektuarve \u00ebsht\u00eb n\u00eb shifrat minimale.<\/p>\n<p style=\"background: white; -webkit-tap-highlight-color: transparent !important; box-sizing: border-box; overflow-wrap: break-word; font-variant-ligatures: normal; font-variant-caps: normal; orphans: 2; widows: 2; -webkit-text-stroke-width: 0px; text-decoration-thickness: initial; text-decoration-style: initial; text-decoration-color: initial; word-spacing: 0px; margin: 0in 0in 19.5pt 0in;\">Sot m\u00eb 1 qershor, hiqet detyrimi p\u00ebr mbajtjen e barrier\u00ebs mbrojt\u00ebse n\u00eb ambientet e jashtme, por mbetet e detyruar n\u00eb ambientet e mbyllura.<\/p>\n<p style=\"background: white; -webkit-tap-highlight-color: transparent !important; box-sizing: border-box; overflow-wrap: break-word; font-variant-ligatures: normal; font-variant-caps: normal; orphans: 2; widows: 2; -webkit-text-stroke-width: 0px; text-decoration-thickness: initial; text-decoration-style: initial; text-decoration-color: initial; word-spacing: 0px; margin: 0in 0in 19.5pt 0in;\">Gjithashtu sot zgjatet ora policore, nga 22:00, n\u00eb 23:00.<\/p>\n<p style=\"background: white; -webkit-tap-highlight-color: transparent !important; box-sizing: border-box; overflow-wrap: break-word; font-variant-ligatures: normal; font-variant-caps: normal; orphans: 2; widows: 2; -webkit-text-stroke-width: 0px; text-decoration-thickness: initial; text-decoration-style: initial; text-decoration-color: initial; word-spacing: 0px; margin: 0in 0in 19.5pt 0in;\"><strong style=\"-webkit-tap-highlight-color: transparent !important; box-sizing: border-box;\">Masat e reja nga data sot:<\/strong><\/p>\n<p style=\"background: white; -webkit-tap-highlight-color: transparent !important; box-sizing: border-box; overflow-wrap: break-word; font-variant-ligatures: normal; font-variant-caps: normal; orphans: 2; widows: 2; -webkit-text-stroke-width: 0px; text-decoration-thickness: initial; text-decoration-style: initial; text-decoration-color: initial; word-spacing: 0px; margin: 0in 0in 19.5pt 0in;\">\u2013 Hiqet detyrimi p\u00ebr mbajtjen e mask\u00ebs n\u00eb ambiente t\u00eb hapura;<\/p>\n<p style=\"background: white; -webkit-tap-highlight-color: transparent !important; box-sizing: border-box; overflow-wrap: break-word; font-variant-ligatures: normal; font-variant-caps: normal; orphans: 2; widows: 2; -webkit-text-stroke-width: 0px; text-decoration-thickness: initial; text-decoration-style: initial; text-decoration-color: initial; word-spacing: 0px; margin: 0in 0in 19.5pt 0in;\">\u2013 Maska e detyrueshme ne ambiente t\u00eb mbyllura dhe transportin publik;<\/p>\n<p style=\"background: white; -webkit-tap-highlight-color: transparent !important; box-sizing: border-box; overflow-wrap: break-word; font-variant-ligatures: normal; font-variant-caps: normal; orphans: 2; widows: 2; -webkit-text-stroke-width: 0px; text-decoration-thickness: initial; text-decoration-style: initial; text-decoration-color: initial; word-spacing: 0px; margin: 0in 0in 19.5pt 0in;\">\u2013 Rekomandohet mbajtja e saj n\u00eb vende ku ka grumbullime;<\/p>\n<p style=\"background: white; -webkit-tap-highlight-color: transparent !important; box-sizing: border-box; overflow-wrap: break-word; font-variant-ligatures: normal; font-variant-caps: normal; orphans: 2; widows: 2; -webkit-text-stroke-width: 0px; text-decoration-thickness: initial; text-decoration-style: initial; text-decoration-color: initial; word-spacing: 0px; margin: 0in 0in 19.5pt 0in;\">\u2013 Ora policore zgjatet me 1 or\u00eb, nga ora 22.00 n\u00eb or\u00ebn 23.00;<\/p>\n<p style=\"background: white; -webkit-tap-highlight-color: transparent !important; box-sizing: border-box; overflow-wrap: break-word; font-variant-ligatures: normal; font-variant-caps: normal; orphans: 2; widows: 2; -webkit-text-stroke-width: 0px; text-decoration-thickness: initial; text-decoration-style: initial; text-decoration-color: initial; word-spacing: 0px; margin: 0in 0in 19.5pt 0in;\">\u2013 Diskot mbeten t\u00eb mbyllura;<\/p>\n<p style=\"background: white; -webkit-tap-highlight-color: transparent !important; box-sizing: border-box; overflow-wrap: break-word; font-variant-ligatures: normal; font-variant-caps: normal; orphans: 2; widows: 2; -webkit-text-stroke-width: 0px; text-decoration-thickness: initial; text-decoration-style: initial; text-decoration-color: initial; word-spacing: 0px; margin: 0in 0in 19.5pt 0in;\">\u2013 Muzika e ndaluar pas or\u00ebs 22.00.<\/p>\n<p style=\"background: white; -webkit-tap-highlight-color: transparent !important; box-sizing: border-box; overflow-wrap: break-word; font-variant-ligatures: normal; font-variant-caps: normal; orphans: 2; widows: 2; -webkit-text-stroke-width: 0px; text-decoration-thickness: initial; text-decoration-style: initial; text-decoration-color: initial; word-spacing: 0px; margin: 0in 0in 19.5pt 0in;\"><strong style=\"-webkit-tap-highlight-color: transparent !important; box-sizing: border-box;\">Nga 15 Qershori:<\/strong><\/p>\n<p style=\"background: white; -webkit-tap-highlight-color: transparent !important; box-sizing: border-box; overflow-wrap: break-word; font-variant-ligatures: normal; font-variant-caps: normal; orphans: 2; widows: 2; -webkit-text-stroke-width: 0px; text-decoration-thickness: initial; text-decoration-style: initial; text-decoration-color: initial; word-spacing: 0px; margin: 0in 0in 19.5pt 0in;\">\u2013 Lejohen grumbullimet nga 10 persona q\u00eb ishte, n\u00eb 50 persona, por duke respektuar masat.<\/p>\n<p style=\"background: white; -webkit-tap-highlight-color: transparent !important; box-sizing: border-box; overflow-wrap: break-word; font-variant-ligatures: normal; font-variant-caps: normal; orphans: 2; widows: 2; -webkit-text-stroke-width: 0px; text-decoration-thickness: initial; text-decoration-style: initial; text-decoration-color: initial; word-spacing: 0px; margin: 0in 0in 19.5pt 0in;\">Gjithashtu, Komiteti Teknik i Ekspert\u00ebve njoftoi dhe disa masa t\u00eb reja q\u00eb do t\u00eb merren nga data 1 korrik n\u00ebse situata vazhdon t\u00eb jet\u00eb n\u00eb p\u00ebrmir\u00ebsim. Nj\u00eb lajm i mir\u00eb p\u00ebr tifoz\u00ebt, do t\u00eb lejohet rikthimi i tyre n\u00eb stadiume.<\/p>\n<p style=\"background: white; -webkit-tap-highlight-color: transparent !important; box-sizing: border-box; overflow-wrap: break-word; font-variant-ligatures: normal; font-variant-caps: normal; orphans: 2; widows: 2; -webkit-text-stroke-width: 0px; text-decoration-thickness: initial; text-decoration-style: initial; text-decoration-color: initial; word-spacing: 0px; margin: 0in 0in 19.5pt 0in;\"><strong style=\"-webkit-tap-highlight-color: transparent !important; box-sizing: border-box;\">Masat e reja anti-covid nga data 1 korrik 2021 (*n\u00ebse situata p\u00ebrmir\u00ebsohet)<\/strong><\/p>\n<p style=\"background: white; -webkit-tap-highlight-color: transparent !important; box-sizing: border-box; overflow-wrap: break-word; font-variant-ligatures: normal; font-variant-caps: normal; orphans: 2; widows: 2; -webkit-text-stroke-width: 0px; text-decoration-thickness: initial; text-decoration-style: initial; text-decoration-color: initial; word-spacing: 0px; margin: 0in 0in 19.5pt 0in;\">\u2013 Ora policore nga ora 23.00 shkon n\u00eb or\u00ebn 24.00 deri n\u00eb 06.00 t\u00eb m\u00ebngjesit;<\/p>\n<p style=\"background: white; -webkit-tap-highlight-color: transparent !important; box-sizing: border-box; overflow-wrap: break-word; font-variant-ligatures: normal; font-variant-caps: normal; orphans: 2; widows: 2; -webkit-text-stroke-width: 0px; text-decoration-thickness: initial; text-decoration-style: initial; text-decoration-color: initial; word-spacing: 0px; margin: 0in 0in 19.5pt 0in;\">\u2013 Lejohet prania e tifoz\u00ebve n\u00eb stadiume, n\u00eb 30% t\u00eb kapaciteteve, duke respektuar masat;<\/p>\n<p style=\"background: white; -webkit-tap-highlight-color: transparent !important; box-sizing: border-box; overflow-wrap: break-word; font-variant-ligatures: normal; font-variant-caps: normal; orphans: 2; widows: 2; -webkit-text-stroke-width: 0px; text-decoration-thickness: initial; text-decoration-style: initial; text-decoration-color: initial; word-spacing: 0px; margin: 0in 0in 19.5pt 0in;\">\u2013 Muzika nuk ndryshon, mbetet e ndaluar pas or\u00ebs 22.00;<\/p>\n<p style=\"background: white; -webkit-tap-highlight-color: transparent !important; box-sizing: border-box; overflow-wrap: break-word; font-variant-ligatures: normal; font-variant-caps: normal; orphans: 2; widows: 2; -webkit-text-stroke-width: 0px; text-decoration-thickness: initial; text-decoration-style: initial; text-decoration-color: initial; word-spacing: 0px; margin: 0in 0in 19.5pt 0in;\">\u2013 Diskot mbeten t\u00eb mbyllura;<\/p>\n<p style=\"background: white; -webkit-tap-highlight-color: transparent !important; box-sizing: border-box; overflow-wrap: break-word; font-variant-ligatures: normal; font-variant-caps: normal; orphans: 2; widows: 2; -webkit-text-stroke-width: 0px; text-decoration-thickness: initial; text-decoration-style: initial; text-decoration-color: initial; word-spacing: 0px; margin: 0in 0in 19.5pt 0in;\">\u2013 Lejohen aktivitetet e teatrove, shfaqeve artistike dhe kulturore, konferencave, me kapacitet te reduktuar deri ne 30% te spektatoreve apo pjesemarresve.<\/p>","protected":false},"excerpt":{"rendered":"<p>Dit\u00ebn e sotme hyjn\u00eb n\u00eb fuqi masat e reja leht\u00ebsuese kund\u00ebr Covid 19. Komiteti Teknik i Ekspert\u00ebve kat\u00ebr dit\u00eb m\u00eb par\u00eb vendosi t\u00eb leht\u00ebsoj\u00eb masat anti-Covid, pasi situata nga pandemia \u00ebsht\u00eb n\u00eb p\u00ebmir\u00ebsim dhe numri i t\u00eb infektuarve \u00ebsht\u00eb n\u00eb shifrat minimale. Sot m\u00eb 1 qershor, hiqet detyrimi p\u00ebr mbajtjen e barrier\u00ebs mbrojt\u00ebse n\u00eb ambientet [&hellip;]<\/p>\n","protected":false},"author":2030,"featured_media":185847,"comment_status":"closed","ping_status":"closed","sticky":false,"template":"","format":"standard","meta":{"footnotes":""},"categories":[241],"tags":[3450,451,329],"class_list":{"0":"post-185846","1":"post","2":"type-post","3":"status-publish","4":"format-standard","5":"has-post-thumbnail","7":"category-aktualitet","8":"tag-diten-e-sotme-hyjne-ne-fuqi-masat-e-reja-lehtesuese-kunder-covid-19","9":"tag-lajme-zjarr","10":"tag-zjarr-tv"},"_links":{"self":[{"href":"https:\/\/zjarr.tv\/en\/wp-json\/wp\/v2\/posts\/185846","targetHints":{"allow":["GET"]}}],"collection":[{"href":"https:\/\/zjarr.tv\/en\/wp-json\/wp\/v2\/posts"}],"about":[{"href":"https:\/\/zjarr.tv\/en\/wp-json\/wp\/v2\/types\/post"}],"author":[{"embeddable":true,"href":"https:\/\/zjarr.tv\/en\/wp-json\/wp\/v2\/users\/2030"}],"replies":[{"embeddable":true,"href":"https:\/\/zjarr.tv\/en\/wp-json\/wp\/v2\/comments?post=185846"}],"version-history":[{"count":0,"href":"https:\/\/zjarr.tv\/en\/wp-json\/wp\/v2\/posts\/185846\/revisions"}],"wp:featuredmedia":[{"embeddable":true,"href":"https:\/\/zjarr.tv\/en\/wp-json\/wp\/v2\/media\/185847"}],"wp:attachment":[{"href":"https:\/\/zjarr.tv\/en\/wp-json\/wp\/v2\/media?parent=185846"}],"wp:term":[{"taxonomy":"category","embeddable":true,"href":"https:\/\/zjarr.tv\/en\/wp-json\/wp\/v2\/categories?post=185846"},{"taxonomy":"post_tag","embeddable":true,"href":"https:\/\/zjarr.tv\/en\/wp-json\/wp\/v2\/tags?post=185846"}],"curies":[{"name":"wp","href":"https:\/\/api.w.org\/{rel}","templated":true}]}}