{"id":185858,"date":"2021-06-01T12:32:22","date_gmt":"2021-06-01T10:32:22","guid":{"rendered":"https:\/\/zjarr.tv\/?p=185858"},"modified":"2021-06-01T12:32:22","modified_gmt":"2021-06-01T10:32:22","slug":"e-rrethuar-nga-femijet-ambasadorja-kim-poston-foton-e-embel-dhe-uron-1-qershorin","status":"publish","type":"post","link":"https:\/\/zjarr.tv\/en\/e-rrethuar-nga-femijet-ambasadorja-kim-poston-foton-e-embel-dhe-uron-1-qershorin\/","title":{"rendered":"E rrethuar nga f\u00ebmij\u00ebt, ambasadorja Kim poston foton e \u00ebmb\u00ebl dhe uron 1 Qershorin"},"content":{"rendered":"<p style=\"background: white; margin: 0in 0in 19.5pt 0in;\">Ambasadorja e SHBA n\u00eb Tiran\u00eb, Yuri Kim ka uruar t\u00eb gjith\u00eb f\u00ebmij\u00ebt p\u00ebr fest\u00ebn e 1 Qershorit.<\/p>\n<p style=\"background: white; -webkit-tap-highlight-color: transparent !important; box-sizing: border-box; overflow-wrap: break-word; font-variant-ligatures: normal; font-variant-caps: normal; orphans: 2; widows: 2; -webkit-text-stroke-width: 0px; text-decoration-thickness: initial; text-decoration-style: initial; text-decoration-color: initial; word-spacing: 0px; margin: 0in 0in 19.5pt 0in;\">Kim ka zgjedhur nj\u00eb foto t\u00eb ve\u00e7ant\u00eb p\u00ebr t\u00eb uruar f\u00ebmij\u00ebt p\u00ebr fest\u00ebn e tyre. Ajo ka postuar n\u00eb rrjetet sociale nj\u00eb foto, ku shihet e rrethuar nga f\u00ebmij\u00eb t\u00eb cil\u00ebt e p\u00ebrqafojn\u00eb.<\/p>\n<p style=\"background: white; -webkit-tap-highlight-color: transparent !important; box-sizing: border-box; overflow-wrap: break-word; font-variant-ligatures: normal; font-variant-caps: normal; orphans: 2; widows: 2; -webkit-text-stroke-width: 0px; text-decoration-thickness: initial; text-decoration-style: initial; text-decoration-color: initial; word-spacing: 0px; margin: 0in 0in 19.5pt 0in;\">\u201cG\u00ebzuar 1 Qershorin \u2013 Dit\u00ebn e F\u00ebmij\u00ebve\u201d, shkruan Kim krahas postimit t\u00eb saj ne Twitter.<\/p>\n<p><img loading=\"lazy\" decoding=\"async\" class=\"alignnone size-medium wp-image-185861\" src=\"https:\/\/zjarr.tv\/wp-content\/uploads\/2021\/06\/Untitled-design-2021-06-01T123119.407-300x251.jpg\" alt=\"\" width=\"300\" height=\"251\" srcset=\"https:\/\/zjarr.tv\/wp-content\/uploads\/2021\/06\/Untitled-design-2021-06-01T123119.407-300x251.jpg 300w, https:\/\/zjarr.tv\/wp-content\/uploads\/2021\/06\/Untitled-design-2021-06-01T123119.407-768x644.jpg 768w, https:\/\/zjarr.tv\/wp-content\/uploads\/2021\/06\/Untitled-design-2021-06-01T123119.407-696x583.jpg 696w, https:\/\/zjarr.tv\/wp-content\/uploads\/2021\/06\/Untitled-design-2021-06-01T123119.407-501x420.jpg 501w, https:\/\/zjarr.tv\/wp-content\/uploads\/2021\/06\/Untitled-design-2021-06-01T123119.407.jpg 940w\" sizes=\"auto, (max-width: 300px) 100vw, 300px\" \/><\/p>","protected":false},"excerpt":{"rendered":"<p>Ambasadorja e SHBA n\u00eb Tiran\u00eb, Yuri Kim ka uruar t\u00eb gjith\u00eb f\u00ebmij\u00ebt p\u00ebr fest\u00ebn e 1 Qershorit. Kim ka zgjedhur nj\u00eb foto t\u00eb ve\u00e7ant\u00eb p\u00ebr t\u00eb uruar f\u00ebmij\u00ebt p\u00ebr fest\u00ebn e tyre. Ajo ka postuar n\u00eb rrjetet sociale nj\u00eb foto, ku shihet e rrethuar nga f\u00ebmij\u00eb t\u00eb cil\u00ebt e p\u00ebrqafojn\u00eb. \u201cG\u00ebzuar 1 Qershorin \u2013 Dit\u00ebn [&hellip;]<\/p>\n","protected":false},"author":2030,"featured_media":185860,"comment_status":"closed","ping_status":"closed","sticky":false,"template":"","format":"standard","meta":{"footnotes":""},"categories":[241],"tags":[451,3453,329],"class_list":{"0":"post-185858","1":"post","2":"type-post","3":"status-publish","4":"format-standard","5":"has-post-thumbnail","7":"category-aktualitet","8":"tag-lajme-zjarr","9":"tag-yuri-kim-ka-uruar-te-gjithe-femijet-per-festen-e-1-qershorit","10":"tag-zjarr-tv"},"_links":{"self":[{"href":"https:\/\/zjarr.tv\/en\/wp-json\/wp\/v2\/posts\/185858","targetHints":{"allow":["GET"]}}],"collection":[{"href":"https:\/\/zjarr.tv\/en\/wp-json\/wp\/v2\/posts"}],"about":[{"href":"https:\/\/zjarr.tv\/en\/wp-json\/wp\/v2\/types\/post"}],"author":[{"embeddable":true,"href":"https:\/\/zjarr.tv\/en\/wp-json\/wp\/v2\/users\/2030"}],"replies":[{"embeddable":true,"href":"https:\/\/zjarr.tv\/en\/wp-json\/wp\/v2\/comments?post=185858"}],"version-history":[{"count":0,"href":"https:\/\/zjarr.tv\/en\/wp-json\/wp\/v2\/posts\/185858\/revisions"}],"wp:featuredmedia":[{"embeddable":true,"href":"https:\/\/zjarr.tv\/en\/wp-json\/wp\/v2\/media\/185860"}],"wp:attachment":[{"href":"https:\/\/zjarr.tv\/en\/wp-json\/wp\/v2\/media?parent=185858"}],"wp:term":[{"taxonomy":"category","embeddable":true,"href":"https:\/\/zjarr.tv\/en\/wp-json\/wp\/v2\/categories?post=185858"},{"taxonomy":"post_tag","embeddable":true,"href":"https:\/\/zjarr.tv\/en\/wp-json\/wp\/v2\/tags?post=185858"}],"curies":[{"name":"wp","href":"https:\/\/api.w.org\/{rel}","templated":true}]}}