{"id":186015,"date":"2021-06-01T18:13:25","date_gmt":"2021-06-01T16:13:25","guid":{"rendered":"https:\/\/zjarr.tv\/?p=186015"},"modified":"2021-06-01T18:13:25","modified_gmt":"2021-06-01T16:13:25","slug":"olta-xhacka-merr-pjese-ne-takimin-online-te-nato-s-shqiperia-mbeshtet-konceptin-e-ri-strategjik-qe-garanton-siguri-per-te-ardhmen","status":"publish","type":"post","link":"https:\/\/zjarr.tv\/en\/olta-xhacka-merr-pjese-ne-takimin-online-te-nato-s-shqiperia-mbeshtet-konceptin-e-ri-strategjik-qe-garanton-siguri-per-te-ardhmen\/","title":{"rendered":"Olta Xha\u00e7ka merr pjes\u00eb n\u00eb takimin online t\u00eb NATO-s: Shqip\u00ebria mb\u00ebshtet konceptin e ri strategjik q\u00eb garanton siguri p\u00ebr t\u00eb ardhmen"},"content":{"rendered":"<p>Ministrja e Jashtme Olta Xha\u00e7ka mori pjes\u00eb n\u00eb samitin e NATO-s q\u00eb u zhvillua online dit\u00ebn e sotme p\u00ebr shkak t\u00eb kufizimeve prej Covid-19.<\/p>\n<p>Xha\u00e7ka b\u00ebn me dije se p\u00ebrg\u00ebzoi Sekretarin e P\u00ebrgjithsh\u00ebm, Jens Stoltenberg, duke shtuar se Shqip\u00ebria mb\u00ebshtet konceptin e ri strategjik, i cili do t\u00eb garantoj\u00eb siguri p\u00ebr t\u00eb ardhmen.<\/p>\n<p>\u201cDiskutime t\u00eb frytshme sot n\u00eb takimin e Ministrave t\u00eb Jasht\u00ebm t\u00eb NATO-s, ku p\u00ebrg\u00ebzova Sekretarin e P\u00ebrgjithsh\u00ebm, Jens Stoltenberg p\u00ebr agjenden ambicioze t\u00eb #NATO2030.<\/p>\n<p>Shqip\u00ebria mb\u00ebshtet konceptin e ri strategjik q\u00eb do t\u00eb garantoj\u00eb siguri kolektive p\u00ebr dekadat e ardhshme. #NeJemiNATO\u201d, shkruan Xha\u00e7ka n\u00eb foton q\u00eb ka publikuar n\u00eb Facebook.<\/p>","protected":false},"excerpt":{"rendered":"<p>Ministrja e Jashtme Olta Xha\u00e7ka mori pjes\u00eb n\u00eb samitin e NATO-s q\u00eb u zhvillua online dit\u00ebn e sotme p\u00ebr shkak t\u00eb kufizimeve prej Covid-19. Xha\u00e7ka b\u00ebn me dije se p\u00ebrg\u00ebzoi Sekretarin e P\u00ebrgjithsh\u00ebm, Jens Stoltenberg, duke shtuar se Shqip\u00ebria mb\u00ebshtet konceptin e ri strategjik, i cili do t\u00eb garantoj\u00eb siguri p\u00ebr t\u00eb ardhmen. \u201cDiskutime t\u00eb [&hellip;]<\/p>\n","protected":false},"author":2031,"featured_media":186016,"comment_status":"closed","ping_status":"closed","sticky":false,"template":"","format":"standard","meta":{"footnotes":""},"categories":[231],"tags":[312,3467,458],"class_list":{"0":"post-186015","1":"post","2":"type-post","3":"status-publish","4":"format-standard","5":"has-post-thumbnail","7":"category-lajme","8":"tag-lajme","9":"tag-olta-xhacka","10":"tag-zjarrtv"},"_links":{"self":[{"href":"https:\/\/zjarr.tv\/en\/wp-json\/wp\/v2\/posts\/186015","targetHints":{"allow":["GET"]}}],"collection":[{"href":"https:\/\/zjarr.tv\/en\/wp-json\/wp\/v2\/posts"}],"about":[{"href":"https:\/\/zjarr.tv\/en\/wp-json\/wp\/v2\/types\/post"}],"author":[{"embeddable":true,"href":"https:\/\/zjarr.tv\/en\/wp-json\/wp\/v2\/users\/2031"}],"replies":[{"embeddable":true,"href":"https:\/\/zjarr.tv\/en\/wp-json\/wp\/v2\/comments?post=186015"}],"version-history":[{"count":0,"href":"https:\/\/zjarr.tv\/en\/wp-json\/wp\/v2\/posts\/186015\/revisions"}],"wp:featuredmedia":[{"embeddable":true,"href":"https:\/\/zjarr.tv\/en\/wp-json\/wp\/v2\/media\/186016"}],"wp:attachment":[{"href":"https:\/\/zjarr.tv\/en\/wp-json\/wp\/v2\/media?parent=186015"}],"wp:term":[{"taxonomy":"category","embeddable":true,"href":"https:\/\/zjarr.tv\/en\/wp-json\/wp\/v2\/categories?post=186015"},{"taxonomy":"post_tag","embeddable":true,"href":"https:\/\/zjarr.tv\/en\/wp-json\/wp\/v2\/tags?post=186015"}],"curies":[{"name":"wp","href":"https:\/\/api.w.org\/{rel}","templated":true}]}}