{"id":186520,"date":"2021-06-04T10:15:12","date_gmt":"2021-06-04T08:15:12","guid":{"rendered":"https:\/\/zjarr.tv\/?p=186520"},"modified":"2021-06-04T10:15:12","modified_gmt":"2021-06-04T08:15:12","slug":"vizita-ne-turqi-blendi-klosi-marreveshje-nga-shkollat-per-turizmin-te-marinat","status":"publish","type":"post","link":"https:\/\/zjarr.tv\/en\/vizita-ne-turqi-blendi-klosi-marreveshje-nga-shkollat-per-turizmin-te-marinat\/","title":{"rendered":"Vizita n\u00eb Turqi\/ Blendi Klosi: Marr\u00ebveshje nga shkollat p\u00ebr turizmin te marinat\u2026"},"content":{"rendered":"<p>Ministri i Turizmit, Blendi Klosi, ka dh\u00ebn\u00eb detaje p\u00ebr vizit\u00ebn e delegacionit qeveritar shqiptar n\u00eb Turqi. N\u00eb nj\u00eb lidhje \u2018live\u2019 n\u00eb News24, Klosi ka zbardhur disa nga diskutimet q\u00eb ka pasur me homologun turk Mehmet Nuri Ersoy p\u00ebr turizmin, duke nisur q\u00eb nga shk\u00ebmbimi i eksperiencave, shkollat profesionale p\u00ebr turizmin deri tek turizmi blu, ose marinat.<\/p>\n<p>\u201cN\u00ebn drejtimin e kryeministrit, ne jemi nj\u00eb delegacion qeveritar me disa ministra dhe drejtues institucionesh p\u00ebr t\u00eb kontaktuar me homolog\u00ebt tan\u00eb turq p\u00ebr t\u00eb vazhduar shk\u00ebmbimet dhe marr\u00ebdh\u00ebniet nd\u00ebrmjet institucioneve tona. N\u00eb muajin prill n\u00eb Gjirokast\u00ebr ne firmos\u00ebm nj\u00eb marr\u00ebveshje bashk\u00ebpunimi me ministrin\u00eb turke t\u00eb kultur\u00ebs dhe turizmit, p\u00ebr t\u00eb realizuar disa pika bashk\u00ebpunimi dhe sot isha n\u00eb zyr\u00ebn e ministrit turk t\u00eb Kultur\u00ebs dhe Turizmit, Mehmet Nuri Ersoy p\u00ebr t\u00eb diskutuar ecurin\u00eb e k\u00ebtyre pikave, q\u00eb kan\u00eb t\u00eb b\u00ebjn\u00eb n\u00eb radh\u00eb t\u00eb par\u00eb me shk\u00ebmbimin e eksperiencave tona n\u00eb bot\u00ebn e turizmit duke vler\u00ebsuar maksimalisht eksperienc\u00ebn dhe m\u00ebnyr\u00ebn se si Turqia ka ngritur nj\u00eb industri t\u00eb jasht\u00ebzakonshme.<\/p>\n<p>Shk\u00ebmbimi m\u00eb i ngusht\u00eb i institucioneve tona, konkretisht Agjencis\u00eb Komb\u00ebtare t\u00eb Turizmit dhe Promovimit t\u00eb turizmit turk \u00ebsht\u00eb nj\u00eb nga pikat e negociuara, t\u00eb debatuara dhe t\u00eb diskutuara dhe t\u00eb dakord\u00ebsuar p\u00ebr t\u00eb pasur mund\u00ebsi q\u00eb Shqip\u00ebria t\u00eb marr\u00eb mb\u00ebshtetje nga nj\u00eb institucion i r\u00ebnd\u00ebsish\u00ebm i promovimit t\u00eb turizmit n\u00eb bot\u00eb p\u00ebr t\u00eb qen\u00eb pjes\u00eb e programit t\u00eb p\u00ebrbashk\u00ebt, p\u00ebr t\u00eb marr\u00eb eksperienc\u00eb.<br \/>\nAjo q\u00eb duhet t\u00eb ecim me shpejt\u00ebsi t\u00eb madhe, nj\u00eb problem i madh q\u00eb kemi n\u00eb Shqip\u00ebri sot \u00ebsht\u00eb Akademia e p\u00ebrgatitjes s\u00eb atyre q\u00eb sh\u00ebrbejn\u00eb n\u00eb fush\u00ebn e turizmit dhe fol\u00ebm gjat\u00eb me ministrin turk p\u00ebr t\u00eb marr\u00eb nj\u00eb eksperienc\u00eb p\u00ebr menaxhimin e shkollave t\u00eb formimit profesional, t\u00eb cilat l\u00ebn\u00eb shum\u00eb p\u00ebr t\u00eb d\u00ebshiruar n\u00eb Shqip\u00ebri n\u00eb kuad\u00ebr t\u00eb kapacitetit. Besoj q\u00eb eksperienca turke, m\u00ebnyra si menaxhohet prej vitesh n\u00eb Turqi, p\u00ebrgatitja e brezit t\u00eb ri \u00ebsht\u00eb shum\u00eb e r\u00ebnd\u00ebsishme ishte nj\u00eb nga pikat q\u00eb zgjati m\u00eb shum\u00eb n\u00eb diskutimet me kolegun Ersoy\u201d, deklaroi Klosi.<\/p>\n<p>Ai tha se diskutim po aq interesant, diskutimi blu, p\u00ebr marinat. Nj\u00eb nga bizneset m\u00eb fitimprur\u00ebse n\u00eb turiz\u00ebm. \u201cShqip\u00ebria po p\u00ebrgatit leht\u00ebsira fiskale dhe projekte konkrete\u201d, tha ai.<\/p>\n<p>Klosi u shpreh se vizita \u00ebsht\u00eb dy ditore dhe nes\u00ebr p\u00ebrmbyllet aktiviteti. \u201cKemi takime me agjenci t\u00eb turizmit dhe biznesin turk. Do ket\u00eb nj\u00eb informacion zyrtar, por jan\u00eb disa ministra dhe titullar\u00eb institucionesh\u201d, tha Klosi.<\/p>","protected":false},"excerpt":{"rendered":"<p>Ministri i Turizmit, Blendi Klosi, ka dh\u00ebn\u00eb detaje p\u00ebr vizit\u00ebn e delegacionit qeveritar shqiptar n\u00eb Turqi. N\u00eb nj\u00eb lidhje \u2018live\u2019 n\u00eb News24, Klosi ka zbardhur disa nga diskutimet q\u00eb ka pasur me homologun turk Mehmet Nuri Ersoy p\u00ebr turizmin, duke nisur q\u00eb nga shk\u00ebmbimi i eksperiencave, shkollat profesionale p\u00ebr turizmin deri tek turizmi blu, ose [&hellip;]<\/p>\n","protected":false},"author":2016,"featured_media":186522,"comment_status":"closed","ping_status":"closed","sticky":false,"template":"","format":"standard","meta":{"footnotes":""},"categories":[241],"tags":[3548],"class_list":{"0":"post-186520","1":"post","2":"type-post","3":"status-publish","4":"format-standard","5":"has-post-thumbnail","7":"category-aktualitet","8":"tag-lajme-zjarr-blendi-klosi-zjarr-tv"},"_links":{"self":[{"href":"https:\/\/zjarr.tv\/en\/wp-json\/wp\/v2\/posts\/186520","targetHints":{"allow":["GET"]}}],"collection":[{"href":"https:\/\/zjarr.tv\/en\/wp-json\/wp\/v2\/posts"}],"about":[{"href":"https:\/\/zjarr.tv\/en\/wp-json\/wp\/v2\/types\/post"}],"author":[{"embeddable":true,"href":"https:\/\/zjarr.tv\/en\/wp-json\/wp\/v2\/users\/2016"}],"replies":[{"embeddable":true,"href":"https:\/\/zjarr.tv\/en\/wp-json\/wp\/v2\/comments?post=186520"}],"version-history":[{"count":0,"href":"https:\/\/zjarr.tv\/en\/wp-json\/wp\/v2\/posts\/186520\/revisions"}],"wp:featuredmedia":[{"embeddable":true,"href":"https:\/\/zjarr.tv\/en\/wp-json\/wp\/v2\/media\/186522"}],"wp:attachment":[{"href":"https:\/\/zjarr.tv\/en\/wp-json\/wp\/v2\/media?parent=186520"}],"wp:term":[{"taxonomy":"category","embeddable":true,"href":"https:\/\/zjarr.tv\/en\/wp-json\/wp\/v2\/categories?post=186520"},{"taxonomy":"post_tag","embeddable":true,"href":"https:\/\/zjarr.tv\/en\/wp-json\/wp\/v2\/tags?post=186520"}],"curies":[{"name":"wp","href":"https:\/\/api.w.org\/{rel}","templated":true}]}}