{"id":186534,"date":"2021-06-04T11:30:13","date_gmt":"2021-06-04T09:30:13","guid":{"rendered":"https:\/\/zjarr.tv\/?p=186534"},"modified":"2021-06-04T11:30:13","modified_gmt":"2021-06-04T09:30:13","slug":"shperthen-bujar-nishani-lulzim-basha-sme-heq-dot-nga-partia-demokratike","status":"publish","type":"post","link":"https:\/\/zjarr.tv\/en\/shperthen-bujar-nishani-lulzim-basha-sme-heq-dot-nga-partia-demokratike\/","title":{"rendered":"Shp\u00ebrthen Bujar Nishani: Lulzim Basha s\u2019m\u00eb heq dot nga Partia Demokratike\u2026"},"content":{"rendered":"<p>Dit\u00ebn e djeshme, ish-presidenti Bujar Nishani, ka akuzuar kreun e PD-s\u00eb Lulzim Bash\u00ebn. Teksa po takonte demokrat\u00ebt e Beratit, s\u00ebbashku me kandidaten p\u00ebr kryetare Edit Harxhin, Nishani u shpreh se Basha nuk e largon dot nga PD-ja.<\/p>\n<p><em style=\"font-weight: inherit;\">\u201cK\u00ebto historit\u00eb me zgjedhje t\u00eb parakohshme, kemi q\u00eb nga 2015 q\u00eb e themi me nj\u00ebri- tjetrin, tani ka ardhur koha e s\u00eb v\u00ebrtet\u00ebs. Nuk m\u00eb d\u00ebbon dot mua as Basha, asnj\u00eb, un\u00eb jam an\u00ebtar i PD-s\u00eb.<\/em><\/p>\n<p><em style=\"font-weight: inherit;\"> Un\u00eb jam p\u00ebr betej\u00eb, p\u00ebr luft\u00eb. N\u00ebse deri n\u00eb dhjetor do t\u00eb mundet Edi Rama, apo 2022, apo 2024 si kryeminist\u00ebr, si\u00e7 thote Basha, un\u00eb do t\u00eb k\u00ebrkoj falje t\u00eb madhe. N\u00ebse b\u00ebn nj\u00eb projekt, rritesh dhe hapesh dhe p\u00ebrfaq\u00ebsohemi n\u00eb t\u00eb gjith\u00eb Shqip\u00ebrin\u00eb me personazhe q\u00eb mbledhin vota, e rr\u00ebzojm\u00eb edhe p\u00ebr dy vite Edi Ram\u00ebn. Por n\u00ebse ju besoni se do t\u00eb rr\u00ebzohet n\u00eb shtator, un\u00eb nuk e besoj, ata q\u00eb e thon\u00eb k\u00ebt\u00eb nuk thon\u00eb t\u00eb v\u00ebrtet\u00ebn\u201d,<\/em>\u00a0\u2013 ka th\u00ebn\u00eb ai.<\/p>","protected":false},"excerpt":{"rendered":"<p>Dit\u00ebn e djeshme, ish-presidenti Bujar Nishani, ka akuzuar kreun e PD-s\u00eb Lulzim Bash\u00ebn. Teksa po takonte demokrat\u00ebt e Beratit, s\u00ebbashku me kandidaten p\u00ebr kryetare Edit Harxhin, Nishani u shpreh se Basha nuk e largon dot nga PD-ja. \u201cK\u00ebto historit\u00eb me zgjedhje t\u00eb parakohshme, kemi q\u00eb nga 2015 q\u00eb e themi me nj\u00ebri- tjetrin, tani ka [&hellip;]<\/p>\n","protected":false},"author":2016,"featured_media":186541,"comment_status":"closed","ping_status":"closed","sticky":false,"template":"","format":"standard","meta":{"footnotes":""},"categories":[241,1454],"tags":[3552],"class_list":{"0":"post-186534","1":"post","2":"type-post","3":"status-publish","4":"format-standard","5":"has-post-thumbnail","7":"category-aktualitet","8":"category-politike","9":"tag-lajme-zjarr-shperthen-bujar-nishani-zjarr-tv"},"_links":{"self":[{"href":"https:\/\/zjarr.tv\/en\/wp-json\/wp\/v2\/posts\/186534","targetHints":{"allow":["GET"]}}],"collection":[{"href":"https:\/\/zjarr.tv\/en\/wp-json\/wp\/v2\/posts"}],"about":[{"href":"https:\/\/zjarr.tv\/en\/wp-json\/wp\/v2\/types\/post"}],"author":[{"embeddable":true,"href":"https:\/\/zjarr.tv\/en\/wp-json\/wp\/v2\/users\/2016"}],"replies":[{"embeddable":true,"href":"https:\/\/zjarr.tv\/en\/wp-json\/wp\/v2\/comments?post=186534"}],"version-history":[{"count":0,"href":"https:\/\/zjarr.tv\/en\/wp-json\/wp\/v2\/posts\/186534\/revisions"}],"wp:featuredmedia":[{"embeddable":true,"href":"https:\/\/zjarr.tv\/en\/wp-json\/wp\/v2\/media\/186541"}],"wp:attachment":[{"href":"https:\/\/zjarr.tv\/en\/wp-json\/wp\/v2\/media?parent=186534"}],"wp:term":[{"taxonomy":"category","embeddable":true,"href":"https:\/\/zjarr.tv\/en\/wp-json\/wp\/v2\/categories?post=186534"},{"taxonomy":"post_tag","embeddable":true,"href":"https:\/\/zjarr.tv\/en\/wp-json\/wp\/v2\/tags?post=186534"}],"curies":[{"name":"wp","href":"https:\/\/api.w.org\/{rel}","templated":true}]}}