{"id":186555,"date":"2021-06-04T12:29:00","date_gmt":"2021-06-04T10:29:00","guid":{"rendered":"https:\/\/zjarr.tv\/?p=186555"},"modified":"2021-06-04T12:29:00","modified_gmt":"2021-06-04T10:29:00","slug":"ftesat-per-bashkepunim-nga-rama-kreu-i-pd-kerkon-te-na-asgjesoje-eshte-mashtrim-dhe-hile","status":"publish","type":"post","link":"https:\/\/zjarr.tv\/en\/ftesat-per-bashkepunim-nga-rama-kreu-i-pd-kerkon-te-na-asgjesoje-eshte-mashtrim-dhe-hile\/","title":{"rendered":"Ftesat p\u00ebr bashk\u00ebpunim nga Rama, kreu i PD: K\u00ebrkon t\u00eb na asgj\u00ebsoj\u00eb, \u00ebsht\u00eb mashtrim dhe hile"},"content":{"rendered":"<p>Kryeministri Edi Rama pas zgjedhjeve t\u00eb 25 prillit, e ka p\u00ebrs\u00ebritur disa her\u00eb ftes\u00ebn e bashk\u00ebpunimit me PD-n\u00eb, por sot kreu aktual i selis\u00eb blu, Lulzim Basha tha se e sheh si nj\u00eb hile dhe mashtrim me q\u00ebllim asgj\u00ebsimin e PD-s\u00eb.<\/p>\n<p>Nga takimi me demokrat\u00ebt e Tiran\u00ebs, Basha tha se nuk do njoh\u00eb rezultatin e 25 prillit, edhe pse kjo deklarat\u00eb e tij rezulton kontradiktore, pasi ai ka pranuar q\u00eb t\u00eb hyj\u00eb n\u00eb parlamentin e ardhsh\u00ebm. nd\u00ebr t\u00eb tjera, Basha tha se nga 25 prill, PD-ja ka dal\u00eb m\u00eb e fort\u00eb.<\/p>\n<p><em style=\"font-weight: inherit;\">\u201dMashtrim, hile q\u00eb tashme ky kund\u00ebrshtar djall\u00ebzo i ka kthyer n\u00eb p\u00ebrditshm\u00ebri, ftes\u00eb me q\u00ebllim q\u00eb t\u00eb asgj\u00ebsohemi si e vetmja forc\u00eb q\u00eb luftojm\u00eb krimin, n\u00ebse shkojm\u00eb n\u00eb at\u00eb drejtim nuk ka m\u00eb asnj\u00eb shpres\u00eb p\u00ebr shqiptar\u00ebt. 25 prilli \u00ebsht\u00eb masak\u00ebr zgjedhore dhe un\u00eb kam deklaruar se nuk e njoh dhe nuk e pranoj maskar\u00ebn zgjedhore t\u00eb 25 prillit. Nuk e njoh rezultatet e tjet\u00ebrsuara t\u00eb 25 prillit dhe se dyti q\u00eb p\u00ebrgjigja e prer\u00eb p\u00ebr ftes\u00ebn e bashk\u00ebpunimit \u00ebsht\u00eb nj\u00eb \u201cjo\u201d. Rama nuk ka pritur gj\u00eb prej meje. K\u00ebtu vjen instrumenti i dyt\u00eb q\u00eb Rama po zhvillon. E di fare mir\u00eb q\u00eb nga kjo betej\u00eb PD nuk ka dal\u00eb m\u00eb e vog\u00ebl, por m\u00eb e madhe\u201d,<\/em>\u00a0tha Basha.<\/p>","protected":false},"excerpt":{"rendered":"<p>Kryeministri Edi Rama pas zgjedhjeve t\u00eb 25 prillit, e ka p\u00ebrs\u00ebritur disa her\u00eb ftes\u00ebn e bashk\u00ebpunimit me PD-n\u00eb, por sot kreu aktual i selis\u00eb blu, Lulzim Basha tha se e sheh si nj\u00eb hile dhe mashtrim me q\u00ebllim asgj\u00ebsimin e PD-s\u00eb. Nga takimi me demokrat\u00ebt e Tiran\u00ebs, Basha tha se nuk do njoh\u00eb rezultatin e [&hellip;]<\/p>\n","protected":false},"author":2030,"featured_media":186557,"comment_status":"closed","ping_status":"closed","sticky":false,"template":"","format":"standard","meta":{"footnotes":""},"categories":[241,1454],"tags":[],"class_list":{"0":"post-186555","1":"post","2":"type-post","3":"status-publish","4":"format-standard","5":"has-post-thumbnail","7":"category-aktualitet","8":"category-politike"},"_links":{"self":[{"href":"https:\/\/zjarr.tv\/en\/wp-json\/wp\/v2\/posts\/186555","targetHints":{"allow":["GET"]}}],"collection":[{"href":"https:\/\/zjarr.tv\/en\/wp-json\/wp\/v2\/posts"}],"about":[{"href":"https:\/\/zjarr.tv\/en\/wp-json\/wp\/v2\/types\/post"}],"author":[{"embeddable":true,"href":"https:\/\/zjarr.tv\/en\/wp-json\/wp\/v2\/users\/2030"}],"replies":[{"embeddable":true,"href":"https:\/\/zjarr.tv\/en\/wp-json\/wp\/v2\/comments?post=186555"}],"version-history":[{"count":0,"href":"https:\/\/zjarr.tv\/en\/wp-json\/wp\/v2\/posts\/186555\/revisions"}],"wp:featuredmedia":[{"embeddable":true,"href":"https:\/\/zjarr.tv\/en\/wp-json\/wp\/v2\/media\/186557"}],"wp:attachment":[{"href":"https:\/\/zjarr.tv\/en\/wp-json\/wp\/v2\/media?parent=186555"}],"wp:term":[{"taxonomy":"category","embeddable":true,"href":"https:\/\/zjarr.tv\/en\/wp-json\/wp\/v2\/categories?post=186555"},{"taxonomy":"post_tag","embeddable":true,"href":"https:\/\/zjarr.tv\/en\/wp-json\/wp\/v2\/tags?post=186555"}],"curies":[{"name":"wp","href":"https:\/\/api.w.org\/{rel}","templated":true}]}}