{"id":186692,"date":"2021-06-05T09:17:20","date_gmt":"2021-06-05T07:17:20","guid":{"rendered":"https:\/\/zjarr.tv\/?p=186692"},"modified":"2021-06-05T09:17:20","modified_gmt":"2021-06-05T07:17:20","slug":"kuvendi-i-shqiperise-mbyll-dyert-per-gazetaret-gjithcka-do-te-kontrollohet-me-regji-qendrore-si-ertv-ja","status":"publish","type":"post","link":"https:\/\/zjarr.tv\/en\/kuvendi-i-shqiperise-mbyll-dyert-per-gazetaret-gjithcka-do-te-kontrollohet-me-regji-qendrore-si-ertv-ja\/","title":{"rendered":"Kuvendi i Shqip\u00ebris\u00eb mbyll dyert p\u00ebr gazetar\u00ebt\/ Gjith\u00e7ka do t\u00eb kontrollohet me regji q\u00ebndrore si ERTV-ja\u2026"},"content":{"rendered":"<p>Gazetar\u00ebt q\u00eb raportojn\u00eb nga Kuvendi i Shqip\u00ebris\u00eb, u njoftuan t\u00eb premten m\u00eb 4 Qershor se Byroja e Kuvendit, ka vendosur t\u00eb mbyll\u00eb aksesin e gazetar\u00ebve n\u00ebp\u00ebr mjediset e kryesis\u00eb s\u00eb kuvendit, duke ndaluar gazetar\u00ebt dhe kameraman\u00ebt t\u00eb raportojn\u00eb n\u00eb m\u00ebnyr\u00eb t\u00eb pavarur dhe duke e z\u00ebvend\u00ebsuar k\u00ebt\u00eb, me transmetimet e kontrolluara nga vet\u00eb Kuvendi.<\/p>\n<p>Vendimi i publikuar n\u00eb faqen e internetit t\u00eb parlamentit, mban dat\u00ebn 2 Qershor, ndryshon rregulloren e vitit 2014 dhe sanksionon q\u00eb gazetar\u00ebt, nuk do t\u00eb mund t\u00eb l\u00ebvizin m\u00eb n\u00eb mjediset e Kryesis\u00eb s\u00eb Kuvendit, ku zhvillohen kryesisht seancat e komisioneve parlamentare, por do t\u00eb detyrohen t\u00eb q\u00ebndrojn\u00eb n\u00eb nj\u00eb dhom\u00eb t\u00eb ve\u00e7ant\u00eb n\u00eb bodrum, nga ku do t\u00eb mund t\u00eb ndjekin p\u00ebrmes rrjetit t\u00eb transmetimit t\u00eb kontrolluar nga kuvendi, punimet e parlamentit. Kuvendi i Shqip\u00ebris\u00eb, b\u00ebhet n\u00eb k\u00ebt\u00eb m\u00ebnyr\u00eb institucioni i rradh\u00ebs q\u00eb mbyll dyert p\u00ebr gazetar\u00ebt dhe z\u00ebvend\u00ebson raportimin e pavarur me transmetimet zyrtare t\u00eb kontrolluara nga zyrat e shtypit.<\/p>\n<p>Koloreto Cukalli, drejtues i K\u00ebshillit Shqiptar t\u00eb Medias i tha BIRN, se vendimi i fundit \u00ebsht\u00eb nj\u00ebkoh\u00ebsisht absurd p\u00ebr nga lloji, pasi merret nga nj\u00eb parlament pas zhvillimit t\u00eb zgjedhjeve dhe gjithashtu i till\u00eb q\u00eb kufizon lirin\u00eb e medias dhe c\u00ebnon cil\u00ebsin\u00eb e raportimit.<\/p>\n<p>\u201cGazetar\u00ebve u k\u00ebrkohet t\u00eb mos jen\u00eb prezent aty ku ndodh lajmi, por t\u00eb p\u00ebrcjellin at\u00eb q\u00eb i p\u00eblqen institucionit,\u201d deklaroi Cukalli, duke theksuar se nj\u00eb praktik\u00eb e till\u00eb e mbylljes s\u00eb dyerve \u00ebsht\u00eb nisur nga partit\u00eb politike dhe \u00ebsht\u00eb pasuar nga qeveria, p\u00ebr t\u00eb p\u00ebrfunduar tani, te pushteti ligjv\u00ebn\u00ebs.<\/p>\n<p>Rregullorja, n\u00eb nj\u00eb kapitull t\u00eb quajtur \u201cOrientimi i masmediave\u201d, sanksionon q\u00eb rojet e kuvendit \u201csigurojn\u00eb shoq\u00ebrimin e personave t\u00eb akredituar gjat\u00eb q\u00ebndrimit t\u00eb tyre n\u00eb Kuvend\u201d, kur e shohin t\u00eb arsyeshme nd\u00ebrsa gazetar\u00ebt duhet t\u00eb q\u00ebndrojn\u00eb n\u00eb vet\u00ebm nj\u00eb mjedis t\u00eb p\u00ebrshkruar si \u201cNewsroom\u201d. P\u00ebrjashtim nga ky rregull p\u00ebrb\u00ebjn\u00eb Televizioni Publik Shqiptar dhe Agjencia Telegrafike Shqiptare, dy institucione propagande t\u00eb kontrolluara nga qeveria. \u201cPersonat e akredituar, punonj\u00ebs t\u00eb RTSH dhe ATSH, mund t\u00eb l\u00ebvizin lirisht\u201d, thuhet n\u00eb vendim. Kuvendi i jep gjithashtu t\u00eb drejt\u00eb vetes n\u00eb rregullore q\u00eb t\u00eb \u201corganizoj\u00eb intervista\u201d, ku gazetar\u00ebt duhet q\u00eb t\u00eb b\u00ebjn\u00eb k\u00ebrkes\u00eb te zyra e shtypit.<\/p>\n<p>Rregullorja e re ndryshon nj\u00eb rregullore t\u00eb vitit 2014, n\u00eb baz\u00eb t\u00eb s\u00eb cil\u00ebs, gazetar\u00ebt akreditoreshin te Kuvendi dhe kishin t\u00eb drejt\u00eb t\u00eb l\u00ebviznin n\u00ebp\u00ebr korridore dhe t\u00eb ndiqnin punimet e komisioneve nga mjedise t\u00eb p\u00ebrcaktuara p\u00ebr median n\u00eb sallat e mbledhjeve t\u00eb k\u00ebtyre komisioneve.<\/p>\n<p>&nbsp;<\/p>","protected":false},"excerpt":{"rendered":"<p>Gazetar\u00ebt q\u00eb raportojn\u00eb nga Kuvendi i Shqip\u00ebris\u00eb, u njoftuan t\u00eb premten m\u00eb 4 Qershor se Byroja e Kuvendit, ka vendosur t\u00eb mbyll\u00eb aksesin e gazetar\u00ebve n\u00ebp\u00ebr mjediset e kryesis\u00eb s\u00eb kuvendit, duke ndaluar gazetar\u00ebt dhe kameraman\u00ebt t\u00eb raportojn\u00eb n\u00eb m\u00ebnyr\u00eb t\u00eb pavarur dhe duke e z\u00ebvend\u00ebsuar k\u00ebt\u00eb, me transmetimet e kontrolluara nga vet\u00eb Kuvendi. Vendimi [&hellip;]<\/p>\n","protected":false},"author":2016,"featured_media":186694,"comment_status":"closed","ping_status":"closed","sticky":false,"template":"","format":"standard","meta":{"footnotes":""},"categories":[241],"tags":[3570],"class_list":{"0":"post-186692","1":"post","2":"type-post","3":"status-publish","4":"format-standard","5":"has-post-thumbnail","7":"category-aktualitet","8":"tag-lajme-zjarr-kuvendi-mbyll-dyert-per-gazetaret-zjarr-tv"},"_links":{"self":[{"href":"https:\/\/zjarr.tv\/en\/wp-json\/wp\/v2\/posts\/186692","targetHints":{"allow":["GET"]}}],"collection":[{"href":"https:\/\/zjarr.tv\/en\/wp-json\/wp\/v2\/posts"}],"about":[{"href":"https:\/\/zjarr.tv\/en\/wp-json\/wp\/v2\/types\/post"}],"author":[{"embeddable":true,"href":"https:\/\/zjarr.tv\/en\/wp-json\/wp\/v2\/users\/2016"}],"replies":[{"embeddable":true,"href":"https:\/\/zjarr.tv\/en\/wp-json\/wp\/v2\/comments?post=186692"}],"version-history":[{"count":0,"href":"https:\/\/zjarr.tv\/en\/wp-json\/wp\/v2\/posts\/186692\/revisions"}],"wp:featuredmedia":[{"embeddable":true,"href":"https:\/\/zjarr.tv\/en\/wp-json\/wp\/v2\/media\/186694"}],"wp:attachment":[{"href":"https:\/\/zjarr.tv\/en\/wp-json\/wp\/v2\/media?parent=186692"}],"wp:term":[{"taxonomy":"category","embeddable":true,"href":"https:\/\/zjarr.tv\/en\/wp-json\/wp\/v2\/categories?post=186692"},{"taxonomy":"post_tag","embeddable":true,"href":"https:\/\/zjarr.tv\/en\/wp-json\/wp\/v2\/tags?post=186692"}],"curies":[{"name":"wp","href":"https:\/\/api.w.org\/{rel}","templated":true}]}}