{"id":187213,"date":"2021-06-08T07:57:25","date_gmt":"2021-06-08T05:57:25","guid":{"rendered":"https:\/\/zjarr.tv\/?p=187213"},"modified":"2021-06-08T07:57:25","modified_gmt":"2021-06-08T05:57:25","slug":"deklarata-e-forte-e-shanos-askush-nuk-e-heq-berishen-nga-pd-te-mos-i-shkoje-njeriu-ne-mendje-sepse-kete-vendim-e-merr-vetem","status":"publish","type":"post","link":"https:\/\/zjarr.tv\/en\/deklarata-e-forte-e-shanos-askush-nuk-e-heq-berishen-nga-pd-te-mos-i-shkoje-njeriu-ne-mendje-sepse-kete-vendim-e-merr-vetem\/","title":{"rendered":"Deklarata e fort\u00eb e Shanos: Askush nuk e heq Berish\u00ebn nga PD, t\u00eb mos i shkoj\u00eb njeriu n\u00eb mendje, sepse k\u00ebt\u00eb vendim e merr vet\u00ebm\u2026"},"content":{"rendered":"<p>An\u00ebtari i K\u00ebshillit Komb\u00ebtar t\u00eb PD-s\u00eb, Dritan Shano, mendon se askush nuk ka fuqi t\u00eb largoj\u00eb Sali Berish\u00ebn, nga Partia Demokratike. N\u00eb nj\u00eb intervist\u00eb p\u00ebr \u201cQuo Vadis\u201d n\u00eb \u201cVizion Plus\u201d, Shano u shpreh se nj\u00eb vendim p\u00ebr t\u2019u larguar nga jeta politike, mund ta marr\u00eb vet\u00ebm Berisha.<\/p>\n<p>Megjithat\u00eb, sipas tij, ka ardhur momenti q\u00eb PD-ja t\u00eb shk\u00ebputet nga e shkuara.<\/p>\n<p>\u201cRoli i Sali Berish\u00ebs do t\u00eb jet\u00eb gjithmon\u00eb madhor n\u00eb PD, p\u00ebr aq koh\u00eb sa ai vet\u00eb t\u00eb vendos\u00eb t\u00eb largohet nga politika aktive, kjo \u00ebsht\u00eb e sigurt. Askush nuk ka forc\u00eb t\u00eb heq\u00eb Berish\u00ebn nga Partia Demokratike, as nga grupi parlamentar. T\u00eb mos i shkoj\u00eb n\u00eb mendje njeriu. Un\u00eb nuk jam tifoz i zjarrt\u00eb i metod\u00ebs politike t\u00eb zotit Berisha. \u00c7do njeri \u00ebsht\u00eb p\u00ebrgjegj\u00ebs p\u00ebr fatin e vet. Mbetet n\u00eb dor\u00ebn e zotit Berisha t\u00eb vler\u00ebsoj\u00eb sesi do ta \u00e7oj\u00eb ai p\u00ebrpara kontributin politik. Ka ardhur koha q\u00eb dikush t\u00eb dal\u00eb dhe ta shoh\u00eb PD-n\u00eb t\u00eb shk\u00ebputur nga Sali Berisha. PD-ja duhet t\u00eb shk\u00ebputet nga e shkuara, sado e suksesshme t\u00eb jet\u00eb ajo\u201d.<\/p>","protected":false},"excerpt":{"rendered":"<p>An\u00ebtari i K\u00ebshillit Komb\u00ebtar t\u00eb PD-s\u00eb, Dritan Shano, mendon se askush nuk ka fuqi t\u00eb largoj\u00eb Sali Berish\u00ebn, nga Partia Demokratike. N\u00eb nj\u00eb intervist\u00eb p\u00ebr \u201cQuo Vadis\u201d n\u00eb \u201cVizion Plus\u201d, Shano u shpreh se nj\u00eb vendim p\u00ebr t\u2019u larguar nga jeta politike, mund ta marr\u00eb vet\u00ebm Berisha. Megjithat\u00eb, sipas tij, ka ardhur momenti q\u00eb PD-ja [&hellip;]<\/p>\n","protected":false},"author":2016,"featured_media":187215,"comment_status":"closed","ping_status":"closed","sticky":false,"template":"","format":"standard","meta":{"footnotes":""},"categories":[241,1454],"tags":[3634],"class_list":{"0":"post-187213","1":"post","2":"type-post","3":"status-publish","4":"format-standard","5":"has-post-thumbnail","7":"category-aktualitet","8":"category-politike","9":"tag-lajme-zjarr-deklarata-e-forte-e-shanos-zjarr-tv"},"_links":{"self":[{"href":"https:\/\/zjarr.tv\/en\/wp-json\/wp\/v2\/posts\/187213","targetHints":{"allow":["GET"]}}],"collection":[{"href":"https:\/\/zjarr.tv\/en\/wp-json\/wp\/v2\/posts"}],"about":[{"href":"https:\/\/zjarr.tv\/en\/wp-json\/wp\/v2\/types\/post"}],"author":[{"embeddable":true,"href":"https:\/\/zjarr.tv\/en\/wp-json\/wp\/v2\/users\/2016"}],"replies":[{"embeddable":true,"href":"https:\/\/zjarr.tv\/en\/wp-json\/wp\/v2\/comments?post=187213"}],"version-history":[{"count":0,"href":"https:\/\/zjarr.tv\/en\/wp-json\/wp\/v2\/posts\/187213\/revisions"}],"wp:featuredmedia":[{"embeddable":true,"href":"https:\/\/zjarr.tv\/en\/wp-json\/wp\/v2\/media\/187215"}],"wp:attachment":[{"href":"https:\/\/zjarr.tv\/en\/wp-json\/wp\/v2\/media?parent=187213"}],"wp:term":[{"taxonomy":"category","embeddable":true,"href":"https:\/\/zjarr.tv\/en\/wp-json\/wp\/v2\/categories?post=187213"},{"taxonomy":"post_tag","embeddable":true,"href":"https:\/\/zjarr.tv\/en\/wp-json\/wp\/v2\/tags?post=187213"}],"curies":[{"name":"wp","href":"https:\/\/api.w.org\/{rel}","templated":true}]}}