{"id":187262,"date":"2021-06-08T10:32:24","date_gmt":"2021-06-08T08:32:24","guid":{"rendered":"https:\/\/zjarr.tv\/?p=187262"},"modified":"2021-06-08T10:32:24","modified_gmt":"2021-06-08T08:32:24","slug":"e-quajti-kineze-yuri-kim-befasohet-nga-komenti-i-qytetarit-dhe-i-ben-ftesen-e-papritur","status":"publish","type":"post","link":"https:\/\/zjarr.tv\/en\/e-quajti-kineze-yuri-kim-befasohet-nga-komenti-i-qytetarit-dhe-i-ben-ftesen-e-papritur\/","title":{"rendered":"E quajti kineze, Yuri Kim befasohet nga komenti i qytetarit dhe i b\u00ebn ftes\u00ebn e papritur\u2026"},"content":{"rendered":"<p>Ambasadorja e SHBA n\u00eb vendin ton\u00eb, Yuri Kim, ka replikuar me nj\u00eb komentues i cili i \u00ebsht\u00eb drejtuar n\u00eb rrjetet sociale, duke e quajtur kineze, n\u00eb foton e publikuar prej saj, me k\u00ebng\u00ebtaren Ermira Babaliu.<\/p>\n<p><em>\u201cDashuria shqiptaro-kineze \u00ebsht\u00eb nj\u00eb histori e vjet\u00ebr\u201d,<\/em>\u00a0\u2013 shkruan komentuesi.<\/p>\n<p>Kim e ka ftuar at\u00eb p\u00ebr nj\u00eb bised\u00eb n\u00eb zyr\u00ebn e saj n\u00eb ambasad\u00eb, p\u00ebr t\u2019i treguar pse mendon se ajo \u00ebsht\u00eb kineze.<\/p>\n<p><em>\u201cJam e \u00e7uditur nga komenti juaj. Ju mir\u00ebpres n\u00eb zyr\u00ebn time n\u00eb Ambasad\u00ebn Amerikane p\u00ebr nj\u00eb bised\u00eb, ku mund t\u2019ju tregoj p\u00ebr historin\u00eb krenare t\u00eb vendit tim si nj\u00eb \u201cKomb i Emigrant\u00ebve\u201d, nd\u00ebrsa ju mund t\u00eb m\u00eb thoni pse mendoni se jam \u201ckineze\u201d.<\/em><\/p>\n<p><em>Ju lutem m\u00eb thoni n\u00ebse d\u00ebshironi t\u00eb vini p\u00ebr nj\u00eb kafe dhe bised\u00eb. Kjo \u00ebsht\u00eb nj\u00eb ftes\u00eb e sinqert\u00eb\u201d,<\/em>\u00a0\u2013 i \u00ebsht\u00eb p\u00ebrgjigjur ambasadorja Kim.<\/p>","protected":false},"excerpt":{"rendered":"<p>Ambasadorja e SHBA n\u00eb vendin ton\u00eb, Yuri Kim, ka replikuar me nj\u00eb komentues i cili i \u00ebsht\u00eb drejtuar n\u00eb rrjetet sociale, duke e quajtur kineze, n\u00eb foton e publikuar prej saj, me k\u00ebng\u00ebtaren Ermira Babaliu. \u201cDashuria shqiptaro-kineze \u00ebsht\u00eb nj\u00eb histori e vjet\u00ebr\u201d,\u00a0\u2013 shkruan komentuesi. Kim e ka ftuar at\u00eb p\u00ebr nj\u00eb bised\u00eb n\u00eb zyr\u00ebn e [&hellip;]<\/p>\n","protected":false},"author":2016,"featured_media":187264,"comment_status":"closed","ping_status":"closed","sticky":false,"template":"","format":"standard","meta":{"footnotes":""},"categories":[241],"tags":[3643],"class_list":{"0":"post-187262","1":"post","2":"type-post","3":"status-publish","4":"format-standard","5":"has-post-thumbnail","7":"category-aktualitet","8":"tag-lajme-zjarr-kim-befasohet-nga-komenti-i-qytetarit-zjarr-tv"},"_links":{"self":[{"href":"https:\/\/zjarr.tv\/en\/wp-json\/wp\/v2\/posts\/187262","targetHints":{"allow":["GET"]}}],"collection":[{"href":"https:\/\/zjarr.tv\/en\/wp-json\/wp\/v2\/posts"}],"about":[{"href":"https:\/\/zjarr.tv\/en\/wp-json\/wp\/v2\/types\/post"}],"author":[{"embeddable":true,"href":"https:\/\/zjarr.tv\/en\/wp-json\/wp\/v2\/users\/2016"}],"replies":[{"embeddable":true,"href":"https:\/\/zjarr.tv\/en\/wp-json\/wp\/v2\/comments?post=187262"}],"version-history":[{"count":0,"href":"https:\/\/zjarr.tv\/en\/wp-json\/wp\/v2\/posts\/187262\/revisions"}],"wp:featuredmedia":[{"embeddable":true,"href":"https:\/\/zjarr.tv\/en\/wp-json\/wp\/v2\/media\/187264"}],"wp:attachment":[{"href":"https:\/\/zjarr.tv\/en\/wp-json\/wp\/v2\/media?parent=187262"}],"wp:term":[{"taxonomy":"category","embeddable":true,"href":"https:\/\/zjarr.tv\/en\/wp-json\/wp\/v2\/categories?post=187262"},{"taxonomy":"post_tag","embeddable":true,"href":"https:\/\/zjarr.tv\/en\/wp-json\/wp\/v2\/tags?post=187262"}],"curies":[{"name":"wp","href":"https:\/\/api.w.org\/{rel}","templated":true}]}}