{"id":187268,"date":"2021-06-08T10:58:34","date_gmt":"2021-06-08T08:58:34","guid":{"rendered":"https:\/\/zjarr.tv\/?p=187268"},"modified":"2021-06-08T10:58:34","modified_gmt":"2021-06-08T08:58:34","slug":"shkelzeni-dhe-armina-ne-krize-detaji-qe-ngriti-dyshimet","status":"publish","type":"post","link":"https:\/\/zjarr.tv\/en\/shkelzeni-dhe-armina-ne-krize-detaji-qe-ngriti-dyshimet\/","title":{"rendered":"Shk\u00eblzeni dhe Armina n\u00eb kriz\u00eb? Detaji q\u00eb ngriti dyshimet\u2026"},"content":{"rendered":"<p>Dy dit\u00eb m\u00eb par\u00eb, blogerja e njohur Armina Mevlani, festoi 30-vjetorin e saj t\u00eb lindjes. Si \u00e7do vit tjet\u00ebr edhe k\u00ebsaj rradhe, Armina ishte kujdesur q\u00eb super festa e saj. t\u00eb mbahet mend nga t\u00eb gjith\u00eb.<\/p>\n<p>E\u00a0 veshur si nj\u00eb siren\u00eb, mes muzik\u00ebs t\u00eb mir\u00eb, shk\u00eblqimit t\u00eb xixave dhe fustaneve, miqve dhe familjar\u00ebve, ajo festoi dit\u00ebn e saj m\u00eb t\u00eb r\u00ebnd\u00ebsishme.<\/p>\n<p>Mir\u00ebpo, di\u00e7ka mungonte dhe ishte partneri i saj, Shk\u00eblzen Berisha.\u00a0 P\u00ebrve\u00e7se nuk ishte n\u00eb fest\u00ebn e organizuar, ai ndryshe nga vitet e tjera, nuk i b\u00ebri asnj\u00eb dedikim n\u00eb rrjetet sociale.<\/p>\n<p>Epo, n\u00eb koh\u00ebn q\u00eb jetojm\u00eb kaq mjafton dhe t\u00eb gjith\u00eb fillojn\u00eb t\u00eb aludojn\u00eb, se mes \u00e7iftit ka nj\u00eb krisje.<\/p>\n<p>Mbetet p\u00ebr t\u2019u par\u00eb n\u00ebse mes tyre ka krisje, apo jo pasi fotot e Armin\u00ebs me t\u00eb, jan\u00eb ende n\u00eb llogarin\u00eb e Shk\u00eblzenit.<\/p>\n<p>&nbsp;<\/p>","protected":false},"excerpt":{"rendered":"<p>Dy dit\u00eb m\u00eb par\u00eb, blogerja e njohur Armina Mevlani, festoi 30-vjetorin e saj t\u00eb lindjes. Si \u00e7do vit tjet\u00ebr edhe k\u00ebsaj rradhe, Armina ishte kujdesur q\u00eb super festa e saj. t\u00eb mbahet mend nga t\u00eb gjith\u00eb. E\u00a0 veshur si nj\u00eb siren\u00eb, mes muzik\u00ebs t\u00eb mir\u00eb, shk\u00eblqimit t\u00eb xixave dhe fustaneve, miqve dhe familjar\u00ebve, ajo festoi [&hellip;]<\/p>\n","protected":false},"author":2016,"featured_media":187270,"comment_status":"closed","ping_status":"closed","sticky":false,"template":"","format":"standard","meta":{"footnotes":""},"categories":[193],"tags":[3645],"class_list":{"0":"post-187268","1":"post","2":"type-post","3":"status-publish","4":"format-standard","5":"has-post-thumbnail","7":"category-showbiz","8":"tag-lajme-zjarr-shkelzeni-dhe-armina-zjarr-tv"},"_links":{"self":[{"href":"https:\/\/zjarr.tv\/en\/wp-json\/wp\/v2\/posts\/187268","targetHints":{"allow":["GET"]}}],"collection":[{"href":"https:\/\/zjarr.tv\/en\/wp-json\/wp\/v2\/posts"}],"about":[{"href":"https:\/\/zjarr.tv\/en\/wp-json\/wp\/v2\/types\/post"}],"author":[{"embeddable":true,"href":"https:\/\/zjarr.tv\/en\/wp-json\/wp\/v2\/users\/2016"}],"replies":[{"embeddable":true,"href":"https:\/\/zjarr.tv\/en\/wp-json\/wp\/v2\/comments?post=187268"}],"version-history":[{"count":0,"href":"https:\/\/zjarr.tv\/en\/wp-json\/wp\/v2\/posts\/187268\/revisions"}],"wp:featuredmedia":[{"embeddable":true,"href":"https:\/\/zjarr.tv\/en\/wp-json\/wp\/v2\/media\/187270"}],"wp:attachment":[{"href":"https:\/\/zjarr.tv\/en\/wp-json\/wp\/v2\/media?parent=187268"}],"wp:term":[{"taxonomy":"category","embeddable":true,"href":"https:\/\/zjarr.tv\/en\/wp-json\/wp\/v2\/categories?post=187268"},{"taxonomy":"post_tag","embeddable":true,"href":"https:\/\/zjarr.tv\/en\/wp-json\/wp\/v2\/tags?post=187268"}],"curies":[{"name":"wp","href":"https:\/\/api.w.org\/{rel}","templated":true}]}}