{"id":187279,"date":"2021-06-08T12:19:13","date_gmt":"2021-06-08T10:19:13","guid":{"rendered":"https:\/\/zjarr.tv\/?p=187279"},"modified":"2021-06-08T12:19:38","modified_gmt":"2021-06-08T10:19:38","slug":"shpallja-non-grata-e-sali-berishes-blendi-fevziu-zbulon-cfare-fshihet-pas-ketij-vendimi-te-dash-dhe-roli-i-lulzim-bashes","status":"publish","type":"post","link":"https:\/\/zjarr.tv\/en\/shpallja-non-grata-e-sali-berishes-blendi-fevziu-zbulon-cfare-fshihet-pas-ketij-vendimi-te-dash-dhe-roli-i-lulzim-bashes\/","title":{"rendered":"Shpallja \u201cnon-grata\u201d e Berish\u00ebs\/ Blendi Fevziu zbulon \u00e7far\u00eb fshihet pas k\u00ebtij vendimi t\u00eb DASH dhe roli i Lulzim Bash\u00ebs\u2026"},"content":{"rendered":"<p>Mbr\u00ebmjen e djeshme, gazetari Blendi Fevziu u shpreh n\u00eb emisionin \u201cT\u00eb Paekspozuarit\u201d, se shpallja \u201cnon-grata\u201d nga SHBA e ish-kryeministrit Sali Berisha, ka ardhur p\u00ebr vitet q\u00eb ai nuk ka mbajtur postin e Kryeministrit.<\/p>\n<p>Sipas Fevziut, ish-kryeministrit Sali Berisha, i jan\u00eb faturuar p\u00ebrgjegj\u00ebsi t\u00eb PD-s\u00eb dhe LSI-s\u00eb, nga ata q\u00eb kan\u00eb qen\u00eb pro dhe kund\u00ebr tij.<\/p>\n<p><em>\u201cBesoj se Sali Berisha \u00ebsht\u00eb shpallur non grata jo p\u00ebr vitet q\u00eb ka qen\u00eb si kryeminist\u00ebr, por kur ka qen\u00eb jasht\u00eb k\u00ebtij posti. N\u00eb k\u00ebt\u00eb vendim kan\u00eb ndikuar njer\u00ebz q\u00eb kan\u00eb qen\u00eb pro dhe kund\u00ebr tij. <\/em><em>Sali Berisha kishte nj\u00eb legaci sepse ishte lideri i par\u00eb i nj\u00eb force politike. U b\u00eb njeriu q\u00eb futi Shqip\u00ebrin\u00eb n\u00eb NATO, pra mbylli raportin e tij. Pas 2013 e m\u00eb tej problemet q\u00eb u krijuan q\u00eb vinin nga PD dhe LSI iu faturuan atyre dhe kjo iu faturua nga ata q\u00eb nuk e donin por edhe nga drejtuesit e PD p\u00ebr ti ikur p\u00ebrgjegj\u00ebsis\u00eb ia kalonin atij p\u00ebrgjegj\u00ebsin. Me kalimin e koh\u00ebs ai u cil\u00ebsua si nj\u00eb njeri q\u00eb po mbante peng PD.<\/em><\/p>\n<p><em>Un\u00eb mendoj q\u00eb \u00ebsht\u00eb shpallur \u201cnon grada\u201d p\u00ebr periudh\u00ebn kur iku nga posti si kryeminist\u00ebr. <\/em><em>Me dashje pa dashje atij i kan\u00eb ndikuar t\u00eb gjith\u00eb k\u00ebto faktor\u00eb. <\/em><em>N\u00ebse m\u00eb pyet mua, \u00e7do \u00e7\u00ebshtje e nxeht\u00eb e politik\u00ebs shqiptar\u00eb duhet zbardhur dhe sqaruar n\u00eb m\u00ebnyr\u00eb q\u00eb asnj\u00eb person i politik\u00ebs shqiptare t\u00eb mos mbaj etiketime t\u00eb tilla. <\/em><em>Nuk e di n\u00ebse do t\u00eb largohet nga PD, por di q\u00eb p\u00ebr k\u00ebt\u00eb q\u00ebllim \u00ebsht\u00eb b\u00ebr\u00eb. Sali Berisha nuk \u00ebsht\u00eb njeri q\u00eb funksionon me presion.<\/em><\/p>\n<p><em>PD ndodhet mes legacis\u00eb s\u00eb Sali Berish\u00ebs dhe raportit t\u00eb SHBA q\u00eb ata nuk duan t\u00eb konfrontohen.<\/em><\/p>\n<p><em>Basha e ka mbajtur q\u00ebndrimin, ka b\u00ebr\u00eb nj\u00eb deklarat\u00eb. P\u00ebrgjegj\u00ebsia m\u00eb e madhe e k\u00ebtyre t\u00eb PD \u00ebsht\u00eb q\u00eb i kan\u00eb faturuar Berish\u00ebs gj\u00ebra q\u00eb nuk kan\u00eb qen\u00eb t\u00eb tij.\u201d,<\/em>\u00a0\u2013 u shpreh Fevziu.<\/p>","protected":false},"excerpt":{"rendered":"<p>Mbr\u00ebmjen e djeshme, gazetari Blendi Fevziu u shpreh n\u00eb emisionin \u201cT\u00eb Paekspozuarit\u201d, se shpallja \u201cnon-grata\u201d nga SHBA e ish-kryeministrit Sali Berisha, ka ardhur p\u00ebr vitet q\u00eb ai nuk ka mbajtur postin e Kryeministrit. Sipas Fevziut, ish-kryeministrit Sali Berisha, i jan\u00eb faturuar p\u00ebrgjegj\u00ebsi t\u00eb PD-s\u00eb dhe LSI-s\u00eb, nga ata q\u00eb kan\u00eb qen\u00eb pro dhe kund\u00ebr tij. [&hellip;]<\/p>\n","protected":false},"author":2016,"featured_media":187281,"comment_status":"closed","ping_status":"closed","sticky":false,"template":"","format":"standard","meta":{"footnotes":""},"categories":[241],"tags":[3648],"class_list":{"0":"post-187279","1":"post","2":"type-post","3":"status-publish","4":"format-standard","5":"has-post-thumbnail","7":"category-aktualitet","8":"tag-lajme-zjarr-blendi-fevziu-zjarr-tv"},"_links":{"self":[{"href":"https:\/\/zjarr.tv\/en\/wp-json\/wp\/v2\/posts\/187279","targetHints":{"allow":["GET"]}}],"collection":[{"href":"https:\/\/zjarr.tv\/en\/wp-json\/wp\/v2\/posts"}],"about":[{"href":"https:\/\/zjarr.tv\/en\/wp-json\/wp\/v2\/types\/post"}],"author":[{"embeddable":true,"href":"https:\/\/zjarr.tv\/en\/wp-json\/wp\/v2\/users\/2016"}],"replies":[{"embeddable":true,"href":"https:\/\/zjarr.tv\/en\/wp-json\/wp\/v2\/comments?post=187279"}],"version-history":[{"count":0,"href":"https:\/\/zjarr.tv\/en\/wp-json\/wp\/v2\/posts\/187279\/revisions"}],"wp:featuredmedia":[{"embeddable":true,"href":"https:\/\/zjarr.tv\/en\/wp-json\/wp\/v2\/media\/187281"}],"wp:attachment":[{"href":"https:\/\/zjarr.tv\/en\/wp-json\/wp\/v2\/media?parent=187279"}],"wp:term":[{"taxonomy":"category","embeddable":true,"href":"https:\/\/zjarr.tv\/en\/wp-json\/wp\/v2\/categories?post=187279"},{"taxonomy":"post_tag","embeddable":true,"href":"https:\/\/zjarr.tv\/en\/wp-json\/wp\/v2\/tags?post=187279"}],"curies":[{"name":"wp","href":"https:\/\/api.w.org\/{rel}","templated":true}]}}