{"id":187299,"date":"2021-06-08T13:39:25","date_gmt":"2021-06-08T11:39:25","guid":{"rendered":"https:\/\/zjarr.tv\/?p=187299"},"modified":"2021-06-08T13:39:25","modified_gmt":"2021-06-08T11:39:25","slug":"zv-ministri-pastrimi-nga-ndertimet-pa-leje-ne-cdo-cep-disa-pronare-i-shemben-vete","status":"publish","type":"post","link":"https:\/\/zjarr.tv\/en\/zv-ministri-pastrimi-nga-ndertimet-pa-leje-ne-cdo-cep-disa-pronare-i-shemben-vete\/","title":{"rendered":"Zv\/ministri: Pastrimi nga nd\u00ebrtimet pa leje n\u00eb \u00e7do cep, disa pronar\u00eb i shemb\u00ebn vet\u00eb\u2026"},"content":{"rendered":"<p>Zv\/ministri i Brendsh\u00ebm Julian Hodaj, ka dh\u00ebn\u00eb detaje n\u00eb lidhje me operacionin \u201cBregdeti Yn\u00eb\u201d, p\u00ebr shembjen e nd\u00ebrtimeve pa leje, n\u00eb vij\u00ebn bregdetare t\u00eb nisur nga Ksamili dhe Velipoja. I ftuar n\u00eb studion e ABC, Hodaj u shpreh se nuk kan\u00eb hasur n\u00eb kund\u00ebrshti nga ana e banor\u00ebve, nd\u00ebrsa theksoi se ajo q\u00eb \u00ebsht\u00eb v\u00ebn\u00eb re \u00ebsht\u00eb se; persona t\u00eb d\u00ebnuar m\u00eb par\u00eb p\u00ebr nd\u00ebrtime pa leje, kan\u00eb kryer s\u00ebrish t\u00eb nj\u00ebjt\u00ebn shkelje, duke i paralajm\u00ebruar ata se do t\u00eb ken\u00eb t\u00eb nj\u00ebjtin fat.<\/p>\n<p><em>\u201cDje ka qen\u00eb dita e par\u00eb. Edhe sot n\u00eb dit\u00ebn e dyt\u00eb nuk ka pasur f\u00ebrkime apo kund\u00ebrshti nga ana e subjekteve, Asnj\u00eb nga subjektet nuk \u00ebsht\u00eb i k\u00ebnaqur q\u00eb i prishet di\u00e7ka. Me ndryshimet e reja \u00ebsht\u00eb her\u00eb t\u00eb thuhet se \u00ebsht\u00eb d\u00ebnuar dikush. Ndjekja penale nuk \u00ebsht\u00eb fakultative. Kur konstatohet nj\u00eb nd\u00ebrtim pa leje nd\u00ebrhyhet p\u00ebr prishje, shkohet edhe n\u00eb procedim penal. Edhe dje d\u00ebgjoja me habi q\u00eb njer\u00ebz q\u00eb ishin d\u00ebnuar p\u00ebr nd\u00ebrtim pa leje dhe kishin nd\u00ebrtuar prap\u00eb pa leje, por prap\u00eb do ken\u00eb t\u00eb nj\u00ebjtin fat. Kemi nj\u00eb problematik\u00eb edhe t\u00eb viteve t\u00eb shkuar t\u00eb nd\u00ebrtimeve pa leje. Nuk ka nd\u00ebrtime masive por k\u00ebto nd\u00ebrtimet e lehta\u201d<\/em>, deklaroi Hodaj.<\/p>\n<p>Ai u shpreh se n\u00eb rast se nd\u00ebrtesa \u00ebsht\u00eb n\u00eb proces legalizimi, duhet t\u00eb pritet deri n\u00eb p\u00ebrfundim t\u00eb verifikimit t\u00eb plot\u00eb p\u00ebr t\u00eb nd\u00ebrhyr\u00eb. Hodaj tha se nuk do tolerohet asnj\u00eb nd\u00ebrtim pa leje, p\u00ebrfshir\u00eb edhe banesat n\u00eb tok\u00eb private apo publike, si dhe as zyrtar\u00ebt q\u00eb mbyllin syt\u00eb p\u00ebrpara paligjshm\u00ebris\u00eb.<\/p>\n<p><em>\u201cN\u00ebse nd\u00ebrtesa \u00ebsht\u00eb n\u00eb proces legalizimi duhet t\u00eb pritet deri n\u00eb p\u00ebrfundim t\u00eb tij. Sot ka edhe nj\u00eb proces verifikimi q\u00eb po vazhdon p\u00ebr nd\u00ebrtimet q\u00eb jan\u00eb prishur. Jan\u00eb marr\u00eb pretendimet e subjekteve. Brenda k\u00ebsaj liste edhe banesa por jan\u00eb shum\u00eb pak. Nuk do tolerohet askush q\u00eb ka nj\u00eb nd\u00ebrtim pa leje dhe asnj\u00eb zyrtar q\u00eb mbyll syt\u00eb para paligjshm\u00ebris\u00eb. Ligji nuk b\u00ebn dallime p\u00ebr nd\u00ebrtime pa leje n\u00eb tok\u00eb publike apo private. N\u00eb rastet e tok\u00ebs publike ka edhe nj\u00eb rrethan\u00eb tjet\u00ebr q\u00eb \u00ebsht\u00eb zaptimi i territorit\u201d,<\/em> u shpreh ai. Hodaj n\u00ebnvizoi se me ligjin e ri, \u00ebsht\u00eb vet\u00eb shkel\u00ebsi q\u00eb paguan p\u00ebr pastrimin e inerteve ose detyrohet t\u2019i pastroj\u00eb vet\u00eb. Ai u shpreh se ka v\u00ebn\u00eb re q\u00eb n\u00eb Ksamil dhe Velipoj\u00eb, ka pasur raste t\u00eb atyre q\u00eb i kan\u00eb prishur vet\u00eb nd\u00ebrtimet q\u00eb kan\u00eb pa leje, p\u00ebr t\u00eb ulur k\u00ebshtu koston e shkeljes, si dhe p\u00ebr t\u00eb shp\u00ebtuar materialet e nd\u00ebrtimit.<\/p>\n<p><em>\u201cKjo faz\u00eb presupuzohet t\u00eb prek\u00eb t\u00eb gjith\u00eb bregdetin. Ne konsiderojm\u00eb jo vet\u00ebm nd\u00ebrtimet prej betoni por edhe shtesat n\u00eb nd\u00ebrtimet ekzistuese. Shumica e numrit jan\u00eb k\u00ebto nd\u00ebrtimet e shpejta q\u00eb kryesisht tentohen n\u00eb k\u00ebt\u00eb periudh\u00eb. Kryesisht jan\u00eb nd\u00ebrtimet e lehta dhe shtesat n\u00eb nd\u00ebrtimet ekzistuese.\u00a0 N\u00eb rastin e projekteve publike, ligji e parashikon q\u00eb k\u00ebto projekte mund t\u00eb legalizohen dhe ata q\u00eb kan\u00eb certifikat\u00eb pron\u00ebsie, d\u00ebmshp\u00ebrblehen. Ligji thot\u00eb q\u00eb nuk legalizohen nd\u00ebrtesa n\u00eb vende kur ka projekte publike. <\/em><em>Fenomeni i nd\u00ebrtimeve pa leje \u00ebsht\u00eb i shp\u00ebrndar\u00eb gjithandej. Ka edhe brenda qendrave urbane. N\u00eb t\u00eb gjitha vendet ku ka nd\u00ebrtime pa leje, do procedohet me pastrimin e territorit. Aksioni p\u00ebr bregdetin \u00ebsht\u00eb i p\u00ebrqendruar, presupuzohet t\u00eb p\u00ebrfundoj\u00eb brenda qershorit. Ligji i ri parashikon q\u00eb ndot\u00ebsi paguan. Ose do paguaj\u00eb kostot ose do ta b\u00ebj\u00eb vet\u00eb pastrimet. Dje n\u00eb Ksamil dhe Velipoj\u00eb shum\u00eb nd\u00ebrtime pa leje, subjektet filluan t\u2019i \u00e7montojn\u00eb vet\u00eb pa pritur nd\u00ebrhyrjen se me k\u00ebt\u00eb rast shp\u00ebtojn\u00eb materialet dhe kostoja pastaj \u00ebsht\u00eb m\u00eb e ul\u00ebt<\/em>\u201d, deklaroi zv\/ministri.<\/p>\n<p>&nbsp;<\/p>","protected":false},"excerpt":{"rendered":"<p>Zv\/ministri i Brendsh\u00ebm Julian Hodaj, ka dh\u00ebn\u00eb detaje n\u00eb lidhje me operacionin \u201cBregdeti Yn\u00eb\u201d, p\u00ebr shembjen e nd\u00ebrtimeve pa leje, n\u00eb vij\u00ebn bregdetare t\u00eb nisur nga Ksamili dhe Velipoja. I ftuar n\u00eb studion e ABC, Hodaj u shpreh se nuk kan\u00eb hasur n\u00eb kund\u00ebrshti nga ana e banor\u00ebve, nd\u00ebrsa theksoi se ajo q\u00eb \u00ebsht\u00eb v\u00ebn\u00eb [&hellip;]<\/p>\n","protected":false},"author":2016,"featured_media":187301,"comment_status":"closed","ping_status":"closed","sticky":false,"template":"","format":"standard","meta":{"footnotes":""},"categories":[241],"tags":[3652],"class_list":{"0":"post-187299","1":"post","2":"type-post","3":"status-publish","4":"format-standard","5":"has-post-thumbnail","7":"category-aktualitet","8":"tag-lajme-zjarr-zv-ministri-pastrimi-nga-ndertimet-pa-leje-zjarr-tv"},"_links":{"self":[{"href":"https:\/\/zjarr.tv\/en\/wp-json\/wp\/v2\/posts\/187299","targetHints":{"allow":["GET"]}}],"collection":[{"href":"https:\/\/zjarr.tv\/en\/wp-json\/wp\/v2\/posts"}],"about":[{"href":"https:\/\/zjarr.tv\/en\/wp-json\/wp\/v2\/types\/post"}],"author":[{"embeddable":true,"href":"https:\/\/zjarr.tv\/en\/wp-json\/wp\/v2\/users\/2016"}],"replies":[{"embeddable":true,"href":"https:\/\/zjarr.tv\/en\/wp-json\/wp\/v2\/comments?post=187299"}],"version-history":[{"count":0,"href":"https:\/\/zjarr.tv\/en\/wp-json\/wp\/v2\/posts\/187299\/revisions"}],"wp:featuredmedia":[{"embeddable":true,"href":"https:\/\/zjarr.tv\/en\/wp-json\/wp\/v2\/media\/187301"}],"wp:attachment":[{"href":"https:\/\/zjarr.tv\/en\/wp-json\/wp\/v2\/media?parent=187299"}],"wp:term":[{"taxonomy":"category","embeddable":true,"href":"https:\/\/zjarr.tv\/en\/wp-json\/wp\/v2\/categories?post=187299"},{"taxonomy":"post_tag","embeddable":true,"href":"https:\/\/zjarr.tv\/en\/wp-json\/wp\/v2\/tags?post=187299"}],"curies":[{"name":"wp","href":"https:\/\/api.w.org\/{rel}","templated":true}]}}