{"id":187302,"date":"2021-06-08T13:55:05","date_gmt":"2021-06-08T11:55:05","guid":{"rendered":"https:\/\/zjarr.tv\/?p=187302"},"modified":"2021-06-08T13:55:05","modified_gmt":"2021-06-08T11:55:05","slug":"nuk-rizgjidhet-voltana-ademi-pjerin-ndreu-kryetar-i-ri-i-shoqates-se-bashkive","status":"publish","type":"post","link":"https:\/\/zjarr.tv\/en\/nuk-rizgjidhet-voltana-ademi-pjerin-ndreu-kryetar-i-ri-i-shoqates-se-bashkive\/","title":{"rendered":"Nuk rizgjidhet Voltana Ademi, Pjerin Ndreu kryetar i ri i Shoqat\u00ebs s\u00eb Bashkive"},"content":{"rendered":"<p style=\"background: white; margin: 0in 0in 19.5pt 0in;\">Ka p\u00ebrfunduar mbledhja e Asambles\u00eb s\u00eb Shoqat\u00ebs s\u00eb Bashkive. B\u00ebhet me dije se \u00ebsht\u00eb zgjedh si kryetar i ri i shoqat\u00ebs s\u00eb Bashkive, Pjerin Ndreu, kryetari i Bashkis\u00eb s\u00eb Lezh\u00ebs.<\/p>\n<p style=\"background: white; -webkit-tap-highlight-color: transparent !important; box-sizing: border-box; overflow-wrap: break-word; font-variant-ligatures: normal; font-variant-caps: normal; orphans: 2; widows: 2; -webkit-text-stroke-width: 0px; text-decoration-thickness: initial; text-decoration-style: initial; text-decoration-color: initial; word-spacing: 0px; margin: 0in 0in 19.5pt 0in;\">Kryetare e shoqat\u00ebs s\u00eb Bashkive ishte Voltana Ademi, e cila nuk arriti t\u00eb rigjidhet. Ajo \u00ebsht\u00eb shkarkuar dhe vendin e saj e ka marr\u00eb Ndreu.<\/p>\n<p style=\"background: white; -webkit-tap-highlight-color: transparent !important; box-sizing: border-box; overflow-wrap: break-word; font-variant-ligatures: normal; font-variant-caps: normal; orphans: 2; widows: 2; -webkit-text-stroke-width: 0px; text-decoration-thickness: initial; text-decoration-style: initial; text-decoration-color: initial; word-spacing: 0px; margin: 0in 0in 19.5pt 0in;\">Kujtojm\u00eb Ademi i ka d\u00ebrguar nj\u00eb let\u00ebr ambasador\u00ebve t\u00eb huaj q\u00eb jan\u00ebn\u00eb vendin ton\u00eb, ku thot\u00eb se PS ka tentuar q\u00eb t\u00eb kap\u00eb shoqat\u00ebn.<\/p>\n<p style=\"background: white; -webkit-tap-highlight-color: transparent !important; box-sizing: border-box; overflow-wrap: break-word; font-variant-ligatures: normal; font-variant-caps: normal; orphans: 2; widows: 2; -webkit-text-stroke-width: 0px; text-decoration-thickness: initial; text-decoration-style: initial; text-decoration-color: initial; word-spacing: 0px; margin: 0in 0in 19.5pt 0in;\"><em>\u201cM\u00eb dat\u00ebn 24 maj 2021 p\u00ebrmes letr\u00ebs d\u00ebrguar n\u00eb em\u00ebr t\u00eb Shoqat\u00ebs s\u00eb Bashkive t\u00eb Shqip\u00ebris\u00eb (SHBSH), ndam\u00eb me ju shqet\u00ebsimet tona mbi nj\u00eb iniciativ\u00eb t\u00eb koh\u00ebve t\u00eb fundit p\u00ebr t\u00eb kapur ilegalisht Shoqat\u00ebn e Bashkive t\u00eb Shqip\u00ebris\u00eb (SHBSH), veprime te nd\u00ebrmarra nga individ\u00eb, an\u00ebtar\u00eb t\u00eb Partis\u00eb Socialiste, pa t\u00eb drejta legjitime dhe jo an\u00ebtar\u00eb SHBSH\u201d<\/em> thuhej nd\u00ebr t\u00eb tjera n\u00eb letr\u00ebn drejtuar ambasador\u00ebve.<\/p>","protected":false},"excerpt":{"rendered":"<p>Ka p\u00ebrfunduar mbledhja e Asambles\u00eb s\u00eb Shoqat\u00ebs s\u00eb Bashkive. B\u00ebhet me dije se \u00ebsht\u00eb zgjedh si kryetar i ri i shoqat\u00ebs s\u00eb Bashkive, Pjerin Ndreu, kryetari i Bashkis\u00eb s\u00eb Lezh\u00ebs. Kryetare e shoqat\u00ebs s\u00eb Bashkive ishte Voltana Ademi, e cila nuk arriti t\u00eb rigjidhet. Ajo \u00ebsht\u00eb shkarkuar dhe vendin e saj e ka marr\u00eb Ndreu. [&hellip;]<\/p>\n","protected":false},"author":2030,"featured_media":187306,"comment_status":"closed","ping_status":"closed","sticky":false,"template":"","format":"standard","meta":{"footnotes":""},"categories":[241,1454],"tags":[],"class_list":{"0":"post-187302","1":"post","2":"type-post","3":"status-publish","4":"format-standard","5":"has-post-thumbnail","7":"category-aktualitet","8":"category-politike"},"_links":{"self":[{"href":"https:\/\/zjarr.tv\/en\/wp-json\/wp\/v2\/posts\/187302","targetHints":{"allow":["GET"]}}],"collection":[{"href":"https:\/\/zjarr.tv\/en\/wp-json\/wp\/v2\/posts"}],"about":[{"href":"https:\/\/zjarr.tv\/en\/wp-json\/wp\/v2\/types\/post"}],"author":[{"embeddable":true,"href":"https:\/\/zjarr.tv\/en\/wp-json\/wp\/v2\/users\/2030"}],"replies":[{"embeddable":true,"href":"https:\/\/zjarr.tv\/en\/wp-json\/wp\/v2\/comments?post=187302"}],"version-history":[{"count":0,"href":"https:\/\/zjarr.tv\/en\/wp-json\/wp\/v2\/posts\/187302\/revisions"}],"wp:featuredmedia":[{"embeddable":true,"href":"https:\/\/zjarr.tv\/en\/wp-json\/wp\/v2\/media\/187306"}],"wp:attachment":[{"href":"https:\/\/zjarr.tv\/en\/wp-json\/wp\/v2\/media?parent=187302"}],"wp:term":[{"taxonomy":"category","embeddable":true,"href":"https:\/\/zjarr.tv\/en\/wp-json\/wp\/v2\/categories?post=187302"},{"taxonomy":"post_tag","embeddable":true,"href":"https:\/\/zjarr.tv\/en\/wp-json\/wp\/v2\/tags?post=187302"}],"curies":[{"name":"wp","href":"https:\/\/api.w.org\/{rel}","templated":true}]}}