{"id":187304,"date":"2021-06-08T13:57:25","date_gmt":"2021-06-08T11:57:25","guid":{"rendered":"https:\/\/zjarr.tv\/?p=187304"},"modified":"2021-06-08T13:57:25","modified_gmt":"2021-06-08T11:57:25","slug":"perplasje-mes-sekretarit-amerikan-dhe-kongresmenit-per-shpalljen-e-berishes-non-grata-mediat-amerikane-dyshohet-se-george-soros-ka-lidhje-me-kete-vendim","status":"publish","type":"post","link":"https:\/\/zjarr.tv\/en\/perplasje-mes-sekretarit-amerikan-dhe-kongresmenit-per-shpalljen-e-berishes-non-grata-mediat-amerikane-dyshohet-se-george-soros-ka-lidhje-me-kete-vendim\/","title":{"rendered":"P\u00ebrplasje mes sekretarit amerikan dhe kongresmenit p\u00ebr shpalljen e Berish\u00ebs \u201cnon-grata\u201d\/ Mediat amerikane: Dyshohet se George Soros ka lidhje me k\u00ebt\u00eb vendim\u2026"},"content":{"rendered":"<p>Sekretari Amerikan i Shtetit, Antony Blinken, foli t\u00eb h\u00ebn\u00ebn p\u00ebr nj\u00eb shpjegim se pse Departamenti i Shtetit, nuk ka prodhuar prova p\u00ebr t\u00eb mb\u00ebshtetur akuzat e tij p\u00ebr korrupsion kund\u00ebr ish-Kryeministrit shqiptar Sali Berisha, nj\u00eb aleat i SHBA-ve, n\u00eb p\u00ebrpjekjet p\u00ebr t\u00eb promovuar demokracin\u00eb n\u00eb Ballkan.<\/p>\n<p><em>\u201cP\u00ebr shum\u00eb njer\u00ebz, kjo n\u00eb dukje nuk erdhi nga askund,\u201d<\/em> tha Republikani Lee Zeldin n\u00eb lidhje me njoftimin e Z. Blinken gjat\u00eb muajit t\u00eb kaluar, ku lajm\u00ebronte se Z. Berisha, gruaja e tij dhe dy f\u00ebmij\u00ebt e tyre t\u00eb rritur, jan\u00eb ndaluar t\u00eb hyjn\u00eb n\u00eb SHBA, p\u00ebr shkak t\u00eb p\u00ebrfshirjes s\u00eb ish-kryeministrit Berisha n\u00eb afera korruptive. N\u00eb seanc\u00ebn d\u00ebgjimore t\u00eb Komisionit t\u00eb Pun\u00ebve t\u00eb Jashtme t\u00eb Dhom\u00ebs s\u00eb P\u00ebrfaq\u00ebsuesve, Z. Blinken mbrojti veprimin, por nuk ndaloi s\u00eb ofruari prova p\u00ebr t\u00eb mb\u00ebshtetur pretendimin kund\u00ebr Z. Berisha, i cili ka b\u00ebr\u00eb tituj nd\u00ebrkomb\u00ebtar\u00eb, duke pretenduar se l\u00ebvizja e Sekretarit t\u00eb Shtetit, kund\u00ebr tij ishte bazuar n\u00eb \u201cPolitikat e mb\u00ebshtetura nga aktivisti liberal miliarder George Soros\u201d. <em>\u201cA keni pasur ndonj\u00eb komunikim ju ose dikush n\u00eb emrin tuaj me z. Soros ose dik\u00eb n\u00eb em\u00ebr t\u00eb tij?\u201d<\/em>\u2013 pyeti kongresmeni Zeldin. <em>\u201cUn\u00eb nuk kam pasur, nuk mund t\u00eb flas p\u00ebr t\u00eb gjith\u00eb deparatamentin e shtetit, por un\u00eb nuk e kam b\u00ebr\u00eb\u201d<\/em> u p\u00ebrgjigj sekretari i shtetit Anthony Blinken. Gjat\u00eb seanc\u00ebs s\u00eb s\u00eb h\u00ebn\u00ebs, e cila u p\u00ebrqendrua ndryshe n\u00eb k\u00ebrkes\u00ebn e buxhetit t\u00eb Departamentit t\u00eb Shtetit p\u00ebr vitin 2022, Z. Zeldin, sugjeroi q\u00eb departamenti ka nj\u00eb p\u00ebrgjegj\u00ebsi t\u00eb jet\u00eb transparent me prova, sa her\u00eb q\u00eb nivelet e akuzave p\u00ebr korrupsion kund\u00ebr nj\u00eb ish-kreu t\u00eb shtetit.<\/p>\n<p><em>\u201cUn\u00eb u p\u00ebrpoqa t\u00eb b\u00ebja disa hulumtime se \u00e7far\u00eb lloj informacioni t\u00eb ri p\u00ebrfshinte z. Korrupsioni i Berish\u00ebs dhe un\u00eb nuk gjeta asgj\u00eb,\u201d<\/em>\u00a0tha Z. Zeldin.\u00a0<em>\u201cAt\u00ebher\u00eb ku duhet t\u00eb shkoj\u00eb dikush? Nj\u00eb an\u00ebtar i medias, le t\u00eb themi, d\u00ebshiron t\u00eb gjej\u00eb informacione sepse tani po ndodhin disa para dhe prapa midis Departamentit t\u00eb Shtetit, vendimeve tuaja mbi sanksionet ndaj tij dhe familjes s\u00eb tij, si dhe mbrojtjes s\u00eb z. Berisha. Ku do t\u00eb shkonte nj\u00eb an\u00ebtar i medias p\u00ebr t\u00eb marr\u00eb informacion se \u00e7far\u00eb korrupsioni i referoheni\u201d? <\/em>Blinken d\u00ebshmoi se pretendimet p\u00ebr korrupsion, kishin ndjekur protokollet normale t\u00eb Departamentit t\u00eb Shtetit, duke p\u00ebrfshir\u00eb nj\u00eb rishikim nga avokati. \u201cUn\u00eb nuk kam asgj\u00eb p\u00ebrtej k\u00ebsaj p\u00ebr t\u00eb ndar\u00eb tani,\u201d tha ai.\u00a0<em>\u201cPor un\u00eb do t\u00eb isha i lumtur t\u00eb vija dhe t\u00eb sigurohesha q\u00eb ne ta ndajm\u00eb at\u00eb me ju dhe k\u00ebdo tjet\u00ebr q\u00eb \u00ebsht\u00eb i interesuar.\u201d<\/em><\/p>\n<p>Nj\u00eb ish-zyrtar i Lart\u00eb i SHBA, i cili foli n\u00eb kushte anonimiteti, u t\u00ebrhoq p\u00ebrs\u00ebri kund\u00ebr d\u00ebshmis\u00eb s\u00eb Sekretarit t\u00eb Shtetit. \u201cM\u00ebnyra n\u00eb t\u00eb cil\u00ebn ai tha se erdhi kjo nuk \u00ebsht\u00eb e qart\u00eb,\u201d tha zyrtari, i cili k\u00ebrkoi t\u00eb mos p\u00ebrmendej me em\u00ebr n\u00eb k\u00ebt\u00eb artikull, sepse ata nuk ishin t\u00eb autorizuar t\u00eb flisnin p\u00ebr k\u00ebt\u00eb \u00e7\u00ebshtje. \u201cKy pretendim kund\u00ebr z. Berisha q\u00eb Z. Blinken nxori jasht\u00eb i befasoi t\u00eb gjith\u00eb n\u00eb zyr\u00ebn evropiane\u201d, tha zyrtari p\u00ebr Byron\u00eb e \u00c7\u00ebshtjeve Evropiane dhe Euroaziatike t\u00eb Departamentit t\u00eb Shtetit. <em>\u201cN\u00ebse procesi q\u00eb p\u00ebrshkroi Z. Blinken kishte ndodhur n\u00eb t\u00eb v\u00ebrtet\u00eb, t\u00eb tjer\u00ebt nga lart dhe posht\u00eb zinxhirit komandues diplomatik t\u00eb SHBA do t\u00eb ishin p\u00ebrfshir\u00eb n\u00eb verifikimin e nj\u00eb pretendimi si ky p\u00ebrpara se t\u00eb b\u00ebhej publik,\u201d<\/em>\u00a0tha zyrtari.\u00a0<em>\u201cPor k\u00ebto pretendime erdh\u00ebn nga lart posht\u00eb, jo nga posht\u00eb lart\u201d<\/em>. Blinken, nd\u00ebrkoh\u00eb, e referoi Z. Zeldin n\u00eb Byron\u00eb e Departamentit t\u00eb Shtetit, p\u00ebr \u00c7\u00ebshtjet Legjislative dhe an\u00ebtar\u00ebt e medias n\u00eb Zyr\u00ebn e Z\u00ebdh\u00ebn\u00ebsit.<\/p>\n<p>\u201cUn\u00eb mendoj se sigurisht, \u00e7dokush nga media mund t\u00eb b\u00ebj\u00eb pyetjen, p\u00ebr shembull, n\u00eb informimet q\u00eb b\u00ebjm\u00eb \u00e7do dit\u00eb n\u00eb Departamentin e Shtetit dhe t\u00eb marrim \u00e7far\u00ebdo informacioni q\u00eb \u00ebsht\u00eb n\u00eb dispozicion t\u00eb publikut\u201d, tha ai.<br \/>\nSidoqoft\u00eb, Departamenti i Shtetit, nuk pranoi t\u00eb jepte detaje p\u00ebr t\u00eb mb\u00ebshtetur pretendimin kund\u00ebr z. Berisha kur u pyet nga \u201cThe Times\u201d, p\u00ebrpara botimit t\u00eb artikullit t\u00eb gazet\u00ebs m\u00eb 28 Maj bazuar n\u00eb intervist\u00ebn me ish-kryeministrin shqiptar. Nj\u00eb z\u00ebdh\u00ebn\u00ebs i departamentit tha n\u00eb kushte anonimiteti se z. Blinken, k\u00ebrkohet t\u00eb identifikoj\u00eb \u00e7do zyrtar dhe an\u00ebtar\u00ebt e familjes s\u00eb tij t\u00eb ngusht\u00eb, n\u00ebse departamenti merr informacion t\u00eb besuesh\u00ebm q\u00eb pretendon korrupsion, ose shkelje t\u00eb t\u00eb drejtave t\u00eb njeriut.<\/p>\n<p>Berisha ka qen\u00eb p\u00ebr vite me z\u00eb t\u00eb lart\u00eb n\u00eb kund\u00ebrshtimin e tij ndaj Z. Soros dhe pretendon se ai \u00ebsht\u00eb viktim\u00eb e nj\u00eb fushate politike t\u00eb sjell\u00eb nga nj\u00eb rrjet i organizatave joqeveritare n\u00eb t\u00eb gjith\u00eb Shqip\u00ebrin\u00eb dhe kombet e tjera t\u00eb Ballkanit, t\u00eb mb\u00ebshtetur nga Fondacionet e Shoq\u00ebris\u00eb s\u00eb Hapur t\u00eb Z. Soros. Balkan Insight, nj\u00eb faqe e mir\u00eb e respektuar e gazetaris\u00eb hulumtuese rajonale, ka v\u00ebrejtur se hungarezo-amerikani Z. Soros \u00ebsht\u00eb\u00a0<em>\u201cshpesh sh\u00ebnjestra e teorive t\u00eb komplotit\u201d<\/em>. Mes atyre q\u00eb kan\u00eb faj\u00ebsuar miliarderin amerikan \u00ebsht\u00eb Adriatik Llalla, nj\u00eb ish-prokuror i p\u00ebrgjithsh\u00ebm shqiptar, t\u00eb cilin administrata Trump e shpalli persona \u201cnon grata\u201d dhe akuzoi p\u00ebr \u201ckorrupsion t\u00eb r\u00ebnd\u00ebsish\u00ebm\u201d n\u00eb 2018. P\u00ebrfaq\u00ebsuesit e z. Soros, nuk iu p\u00ebrgjigj\u00ebn nj\u00eb k\u00ebrkese p\u00ebr komente nga \u201cThe Times\u201d, p\u00ebrpara botimit t\u00eb artikullit t\u00eb \u201cThe Times\u201d m\u00eb 28 Maj.<\/p>\n<p>&nbsp;<\/p>","protected":false},"excerpt":{"rendered":"<p>Sekretari Amerikan i Shtetit, Antony Blinken, foli t\u00eb h\u00ebn\u00ebn p\u00ebr nj\u00eb shpjegim se pse Departamenti i Shtetit, nuk ka prodhuar prova p\u00ebr t\u00eb mb\u00ebshtetur akuzat e tij p\u00ebr korrupsion kund\u00ebr ish-Kryeministrit shqiptar Sali Berisha, nj\u00eb aleat i SHBA-ve, n\u00eb p\u00ebrpjekjet p\u00ebr t\u00eb promovuar demokracin\u00eb n\u00eb Ballkan. \u201cP\u00ebr shum\u00eb njer\u00ebz, kjo n\u00eb dukje nuk erdhi nga [&hellip;]<\/p>\n","protected":false},"author":2016,"featured_media":187309,"comment_status":"closed","ping_status":"closed","sticky":false,"template":"","format":"standard","meta":{"footnotes":""},"categories":[241],"tags":[3653],"class_list":{"0":"post-187304","1":"post","2":"type-post","3":"status-publish","4":"format-standard","5":"has-post-thumbnail","7":"category-aktualitet","8":"tag-lajme-zjarr-mediat-amerikane-zjarr-tv"},"_links":{"self":[{"href":"https:\/\/zjarr.tv\/en\/wp-json\/wp\/v2\/posts\/187304","targetHints":{"allow":["GET"]}}],"collection":[{"href":"https:\/\/zjarr.tv\/en\/wp-json\/wp\/v2\/posts"}],"about":[{"href":"https:\/\/zjarr.tv\/en\/wp-json\/wp\/v2\/types\/post"}],"author":[{"embeddable":true,"href":"https:\/\/zjarr.tv\/en\/wp-json\/wp\/v2\/users\/2016"}],"replies":[{"embeddable":true,"href":"https:\/\/zjarr.tv\/en\/wp-json\/wp\/v2\/comments?post=187304"}],"version-history":[{"count":0,"href":"https:\/\/zjarr.tv\/en\/wp-json\/wp\/v2\/posts\/187304\/revisions"}],"wp:featuredmedia":[{"embeddable":true,"href":"https:\/\/zjarr.tv\/en\/wp-json\/wp\/v2\/media\/187309"}],"wp:attachment":[{"href":"https:\/\/zjarr.tv\/en\/wp-json\/wp\/v2\/media?parent=187304"}],"wp:term":[{"taxonomy":"category","embeddable":true,"href":"https:\/\/zjarr.tv\/en\/wp-json\/wp\/v2\/categories?post=187304"},{"taxonomy":"post_tag","embeddable":true,"href":"https:\/\/zjarr.tv\/en\/wp-json\/wp\/v2\/tags?post=187304"}],"curies":[{"name":"wp","href":"https:\/\/api.w.org\/{rel}","templated":true}]}}