{"id":187322,"date":"2021-06-08T14:38:17","date_gmt":"2021-06-08T12:38:17","guid":{"rendered":"https:\/\/zjarr.tv\/?p=187322"},"modified":"2021-06-08T14:38:17","modified_gmt":"2021-06-08T12:38:17","slug":"u-perjashtuan-nga-aktivitetet-e-kuvendit-gazetaret-njoftojne-mbajtjen-e-nje-proteste","status":"publish","type":"post","link":"https:\/\/zjarr.tv\/en\/u-perjashtuan-nga-aktivitetet-e-kuvendit-gazetaret-njoftojne-mbajtjen-e-nje-proteste\/","title":{"rendered":"U p\u00ebrjashtuan nga aktivitetet e Kuvendit, gazetar\u00ebt njoftojn\u00eb mbajtjen e nj\u00eb proteste\u2026"},"content":{"rendered":"<p>T\u00eb gjith\u00eb gazetar\u00ebt q\u00eb raportojn\u00eb nga Kuvendi i Shqip\u00ebris\u00eb u njoftuan t\u00eb premten, n\u00eb dat\u00eb 4 Qershor, q\u00eb nuk do t\u00eb mund t\u00eb ken\u00eb m\u00eb akses n\u00eb ambientet e kryesis\u00eb s\u00eb Kuvendit. As ata e as kameraman\u00ebt, nuk do t\u00eb mund t\u00eb ndjekin seancat parlamentare, nd\u00ebrsa trasmetimi do t\u00eb b\u00ebhet i kontrolluar nga vet\u00eb kuvendi. Vendimi i publikuar n\u00eb faqen e internetit t\u00eb\u00a0parlamentit, ndryshon rregulloren e vitit 2014 dhe sanksionon q\u00eb gazetar\u00ebt nuk do t\u00eb mund t\u00eb l\u00ebvizin m\u00eb n\u00eb mjediset e Kryesis\u00eb s\u00eb Kuvendit, ku zhvillohen kryesisht seancat e komisioneve parlamentare.<\/p>\n<p>Pas vendimit t\u00eb Byros\u00eb s\u00eb Kuvendit, p\u00ebr t\u00eb l\u00ebn\u00eb gazetar\u00ebt jasht\u00eb n\u00eb sesionin e ardhsh\u00ebm parlamentar, k\u00ebta t\u00eb fundit kan\u00eb thirrur nj\u00eb protest\u00eb. Protesta do t\u00eb mbahet nes\u00ebr n\u00eb or\u00ebn 09:30 para seanc\u00ebs plenare.<\/p>\n<p>\u201cEja KUVENDojm\u00eb! Vendimi i Byros\u00eb s\u00eb Kuvendit p\u00ebr t\u00eb p\u00ebrjashtuar gazetar\u00ebt e akredituar nga aksesi i komisioneve parlamentare \u00ebsht\u00eb c\u00ebnim i past\u00ebr i pun\u00ebs son\u00eb dhe liris\u00eb s\u00eb medias! P\u00ebrmes nj\u00eb organizimi spontan, sensibilizues, dit\u00ebn e m\u00ebrkur\u00eb, dat\u00eb 09\/06\/2021 ftohen t\u00eb gjith\u00eb gazetar\u00ebt q\u00eb jan\u00eb t\u00eb akredituar n\u00eb Kuvendin e Shqip\u00ebris\u00eb q\u00eb n\u00eb or\u00ebn 09:30 para seanc\u00ebs plenare t\u00eb marrin pjes\u00eb n\u00eb nj\u00eb protest\u00eb kund\u00ebr k\u00ebsaj vendimarrjeje!<\/p>\n<p>Jan\u00eb t\u00eb lutura redaksin\u00eb e televizioneve t\u00eb mund\u00ebsojn\u00eb akses p\u00ebr k\u00ebt\u00eb protest\u00eb! Kjo \u00ebsht\u00eb nj\u00eb betej\u00eb p\u00ebr fjal\u00ebn e lir\u00eb dhe raportimin e pavarur!\u201d,\u00a0thuhet n\u00eb njoftim.<\/p>\n<p>&nbsp;<\/p>","protected":false},"excerpt":{"rendered":"<p>T\u00eb gjith\u00eb gazetar\u00ebt q\u00eb raportojn\u00eb nga Kuvendi i Shqip\u00ebris\u00eb u njoftuan t\u00eb premten, n\u00eb dat\u00eb 4 Qershor, q\u00eb nuk do t\u00eb mund t\u00eb ken\u00eb m\u00eb akses n\u00eb ambientet e kryesis\u00eb s\u00eb Kuvendit. As ata e as kameraman\u00ebt, nuk do t\u00eb mund t\u00eb ndjekin seancat parlamentare, nd\u00ebrsa trasmetimi do t\u00eb b\u00ebhet i kontrolluar nga vet\u00eb kuvendi. [&hellip;]<\/p>\n","protected":false},"author":2016,"featured_media":187324,"comment_status":"closed","ping_status":"closed","sticky":false,"template":"","format":"standard","meta":{"footnotes":""},"categories":[241],"tags":[3656],"class_list":{"0":"post-187322","1":"post","2":"type-post","3":"status-publish","4":"format-standard","5":"has-post-thumbnail","7":"category-aktualitet","8":"tag-lajme-zjarr-gazetaret-njoftojne-proteste-zjarr-tv"},"_links":{"self":[{"href":"https:\/\/zjarr.tv\/en\/wp-json\/wp\/v2\/posts\/187322","targetHints":{"allow":["GET"]}}],"collection":[{"href":"https:\/\/zjarr.tv\/en\/wp-json\/wp\/v2\/posts"}],"about":[{"href":"https:\/\/zjarr.tv\/en\/wp-json\/wp\/v2\/types\/post"}],"author":[{"embeddable":true,"href":"https:\/\/zjarr.tv\/en\/wp-json\/wp\/v2\/users\/2016"}],"replies":[{"embeddable":true,"href":"https:\/\/zjarr.tv\/en\/wp-json\/wp\/v2\/comments?post=187322"}],"version-history":[{"count":0,"href":"https:\/\/zjarr.tv\/en\/wp-json\/wp\/v2\/posts\/187322\/revisions"}],"wp:featuredmedia":[{"embeddable":true,"href":"https:\/\/zjarr.tv\/en\/wp-json\/wp\/v2\/media\/187324"}],"wp:attachment":[{"href":"https:\/\/zjarr.tv\/en\/wp-json\/wp\/v2\/media?parent=187322"}],"wp:term":[{"taxonomy":"category","embeddable":true,"href":"https:\/\/zjarr.tv\/en\/wp-json\/wp\/v2\/categories?post=187322"},{"taxonomy":"post_tag","embeddable":true,"href":"https:\/\/zjarr.tv\/en\/wp-json\/wp\/v2\/tags?post=187322"}],"curies":[{"name":"wp","href":"https:\/\/api.w.org\/{rel}","templated":true}]}}