{"id":187325,"date":"2021-06-08T14:52:28","date_gmt":"2021-06-08T12:52:28","guid":{"rendered":"https:\/\/zjarr.tv\/?p=187325"},"modified":"2021-06-08T14:52:28","modified_gmt":"2021-06-08T12:52:28","slug":"zgjedhjet-ne-pd-artan-hoxha-ben-parashikimin-per-kryetarin-e-ri-ne-gjykimin-tim-besoj-se-shumica-relative-do-te-votoje-per","status":"publish","type":"post","link":"https:\/\/zjarr.tv\/en\/zgjedhjet-ne-pd-artan-hoxha-ben-parashikimin-per-kryetarin-e-ri-ne-gjykimin-tim-besoj-se-shumica-relative-do-te-votoje-per\/","title":{"rendered":"Zgjedhjet n\u00eb PD\/ Artan Hoxha b\u00ebn parashikimin p\u00ebr kryetarin e ri: N\u00eb gjykimin tim besoj se shumica relative do t\u00eb votoj\u00eb p\u00ebr\u2026"},"content":{"rendered":"<p>N\u00eb prononcimin q\u00eb pati dit\u00ebn e sotme, p\u00ebr studion e Fax News, analisti Artan Hoxha, p\u00ebrve\u00e7 komentit p\u00ebr situat\u00ebn ku flitet p\u00ebr shkarkimin e Presidentit Meta, foli gjithashtu edhe p\u00ebr Zgjedhjet q\u00eb do t\u00eb mbahen n\u00eb dat\u00ebn 13 Qershor, n\u00eb partin\u00eb Demokratike.<\/p>\n<p>I pyetur n\u00eb lidhje me parashikimin e nj\u00eb fituesi t\u00eb Zgjedhjeve, Artan Hoxha tha se n\u00eb gjykimin e tij, shumica relative e an\u00ebtar\u00ebsis\u00eb, do t\u00eb votonin p\u00ebr Lulzim Bash\u00ebn.<\/p>\n<p><em>N\u00eb gjykimin tim besoj se shumica relative do t\u00eb jet\u00eb me zotin Basha, n\u00ebse e duan pushtetin t\u00eb pakt\u00ebn t\u00eb mos humbasin pozicionin aktual. Th\u00ebn\u00eb kjo, un\u00eb uroj q\u00eb demokrat\u00ebt t\u00eb vler\u00ebsojn\u00eb p\u00ebrpos kandidat\u00ebve, edhe idet\u00eb e tyre p\u00ebr t\u00eb ardhmen, propozimet, performancat e arritura. A do t\u00eb kemi nj\u00eb PD q\u00eb do t\u00eb v\u00ebr\u00eb n\u00eb l\u00ebvizje t\u00eb gjith\u00eb strukturat e saj? Apo do t\u00eb kemi nj\u00eb PD n\u00eb marr\u00ebdh\u00ebnie t\u00eb rast\u00ebsishme me an\u00ebtar\u00ebt e partis\u00eb?<\/em><\/p>\n<p>&nbsp;<\/p>","protected":false},"excerpt":{"rendered":"<p>N\u00eb prononcimin q\u00eb pati dit\u00ebn e sotme, p\u00ebr studion e Fax News, analisti Artan Hoxha, p\u00ebrve\u00e7 komentit p\u00ebr situat\u00ebn ku flitet p\u00ebr shkarkimin e Presidentit Meta, foli gjithashtu edhe p\u00ebr Zgjedhjet q\u00eb do t\u00eb mbahen n\u00eb dat\u00ebn 13 Qershor, n\u00eb partin\u00eb Demokratike. I pyetur n\u00eb lidhje me parashikimin e nj\u00eb fituesi t\u00eb Zgjedhjeve, Artan Hoxha [&hellip;]<\/p>\n","protected":false},"author":2016,"featured_media":187327,"comment_status":"closed","ping_status":"closed","sticky":false,"template":"","format":"standard","meta":{"footnotes":""},"categories":[241,1454],"tags":[3657],"class_list":{"0":"post-187325","1":"post","2":"type-post","3":"status-publish","4":"format-standard","5":"has-post-thumbnail","7":"category-aktualitet","8":"category-politike","9":"tag-lajme-zjarr-zgjedhjet-ne-pd-zjarr-tv"},"_links":{"self":[{"href":"https:\/\/zjarr.tv\/en\/wp-json\/wp\/v2\/posts\/187325","targetHints":{"allow":["GET"]}}],"collection":[{"href":"https:\/\/zjarr.tv\/en\/wp-json\/wp\/v2\/posts"}],"about":[{"href":"https:\/\/zjarr.tv\/en\/wp-json\/wp\/v2\/types\/post"}],"author":[{"embeddable":true,"href":"https:\/\/zjarr.tv\/en\/wp-json\/wp\/v2\/users\/2016"}],"replies":[{"embeddable":true,"href":"https:\/\/zjarr.tv\/en\/wp-json\/wp\/v2\/comments?post=187325"}],"version-history":[{"count":0,"href":"https:\/\/zjarr.tv\/en\/wp-json\/wp\/v2\/posts\/187325\/revisions"}],"wp:featuredmedia":[{"embeddable":true,"href":"https:\/\/zjarr.tv\/en\/wp-json\/wp\/v2\/media\/187327"}],"wp:attachment":[{"href":"https:\/\/zjarr.tv\/en\/wp-json\/wp\/v2\/media?parent=187325"}],"wp:term":[{"taxonomy":"category","embeddable":true,"href":"https:\/\/zjarr.tv\/en\/wp-json\/wp\/v2\/categories?post=187325"},{"taxonomy":"post_tag","embeddable":true,"href":"https:\/\/zjarr.tv\/en\/wp-json\/wp\/v2\/tags?post=187325"}],"curies":[{"name":"wp","href":"https:\/\/api.w.org\/{rel}","templated":true}]}}