{"id":187329,"date":"2021-06-08T15:05:26","date_gmt":"2021-06-08T13:05:26","guid":{"rendered":"https:\/\/zjarr.tv\/?p=187329"},"modified":"2021-06-08T15:05:26","modified_gmt":"2021-06-08T13:05:26","slug":"voltana-ademin-nuk-njeh-shkarkimin-shoqaten-e-bashkive-tentuan-ta-kapin-eksponentet-e-ps-beteja-vazhdon","status":"publish","type":"post","link":"https:\/\/zjarr.tv\/en\/voltana-ademin-nuk-njeh-shkarkimin-shoqaten-e-bashkive-tentuan-ta-kapin-eksponentet-e-ps-beteja-vazhdon\/","title":{"rendered":"Voltana Ademin nuk njeh shkarkimin: Shoqat\u00ebn e Bashkive tentuan ta kapin eksponent\u00ebt e PS, beteja vazhdon"},"content":{"rendered":"<p style=\"background: white; margin: 0in 0in 19.5pt 0in;\">Voltana Ademi ka reaguar pasi nuk u rizgjodh si kryetare e Shoqat\u00ebs s\u00eb Bashkis\u00eb, por u em\u00ebrua Pjerin Ndreu.<\/p>\n<p style=\"background: white; -webkit-tap-highlight-color: transparent !important; box-sizing: border-box; overflow-wrap: break-word; font-variant-ligatures: normal; font-variant-caps: normal; orphans: 2; widows: 2; -webkit-text-stroke-width: 0px; text-decoration-thickness: initial; text-decoration-style: initial; text-decoration-color: initial; word-spacing: 0px; margin: 0in 0in 19.5pt 0in;\">Ajo nuk e njeh vendimin\u00a0p\u00ebr shkarkimin si kryetare e Shoqat\u00ebs s\u00eb Bashkive, teksa shkruan se PS ka tentuar t\u00eb d\u00ebmtoj\u00eb demokracin\u00eb.<\/p>\n<p style=\"background: white; -webkit-tap-highlight-color: transparent !important; box-sizing: border-box; overflow-wrap: break-word; font-variant-ligatures: normal; font-variant-caps: normal; orphans: 2; widows: 2; -webkit-text-stroke-width: 0px; text-decoration-thickness: initial; text-decoration-style: initial; text-decoration-color: initial; word-spacing: 0px; margin: 0in 0in 19.5pt 0in;\">Nd\u00ebr t\u00eb tjera Ademi shkruan se pati nj\u00eb tentativ\u00eb p\u00ebr t\u00eb kapur ilegalisht Shoqat\u00ebn e Bashkive t\u00eb Shqip\u00ebris\u00eb.<\/p>\n<p style=\"background: white; -webkit-tap-highlight-color: transparent !important; box-sizing: border-box; overflow-wrap: break-word; font-variant-ligatures: normal; font-variant-caps: normal; orphans: 2; widows: 2; -webkit-text-stroke-width: 0px; text-decoration-thickness: initial; text-decoration-style: initial; text-decoration-color: initial; word-spacing: 0px; margin: 0in 0in 19.5pt 0in;\">\u201c<em>Shqyrtimi dhe vendimi p\u00ebr ligjshm\u00ebrin\u00eb e zgjedhjeve lokale 2019, \u00ebsht\u00eb nj\u00eb nd\u00ebr 15 kushtet\u00a0 q\u00eb Shqip\u00ebria duhet t\u00eb p\u00ebrmbush\u00eb p\u00ebr \u00e7eljen e negociatave p\u00ebr an\u00ebtar\u00ebsimin n\u00eb BE, kushte t\u00eb dakord\u00ebsuara n\u00eb takimin e Ministrave p\u00ebr Europ\u00ebn.<\/em><\/p>\n<p style=\"background: white; -webkit-tap-highlight-color: transparent !important; box-sizing: border-box; overflow-wrap: break-word; font-variant-ligatures: normal; font-variant-caps: normal; orphans: 2; widows: 2; -webkit-text-stroke-width: 0px; text-decoration-thickness: initial; text-decoration-style: initial; text-decoration-color: initial; word-spacing: 0px; margin: 0in 0in 19.5pt 0in;\"><em>Ritheksojm\u00eb se Shoqata e Bashkive t\u00eb Shqip\u00ebris\u00eb, shoq\u00ebria civile n\u00eb Shqip\u00ebri, qytetar\u00ebt shqiptar\u00eb, Shtetet e Bashkuara t\u00eb Amerik\u00ebs, Bashkimi Evropian, K\u00ebshilli i Evrop\u00ebs, t\u00eb gjith\u00eb partner\u00ebt dhe organizatat nd\u00ebrkomb\u00ebtare, jan\u00eb n\u00eb pritje t\u00eb vendimit t\u00eb Gjykat\u00ebs Kushtetuese.<\/em><\/p>\n<p style=\"background: white; -webkit-tap-highlight-color: transparent !important; box-sizing: border-box; overflow-wrap: break-word; font-variant-ligatures: normal; font-variant-caps: normal; orphans: 2; widows: 2; -webkit-text-stroke-width: 0px; text-decoration-thickness: initial; text-decoration-style: initial; text-decoration-color: initial; word-spacing: 0px; margin: 0in 0in 19.5pt 0in;\"><em>N\u00eb Lezh\u00ebn e Bes\u00eblidhjes, sot eksponent\u00eb t\u00eb Partis\u00eb Socialist\u00eb tentuan t\u00eb d\u00ebmtojn\u00eb Demokracin\u00eb. Sot pati nj\u00eb tentativ\u00eb p\u00ebr t\u00eb kapur ilegalisht Shoqat\u00ebn e Bashkive t\u00eb Shqip\u00ebris\u00eb, veprime te nd\u00ebrmarra nga eksponent\u00eb, an\u00ebtar\u00eb t\u00eb Partis\u00eb Socialiste, pa t\u00eb drejta legjitime dhe jo an\u00ebtar\u00eb Shoqat\u00ebs s\u00eb Bashkive t\u00eb Shqip\u00ebris\u00eb. \u00c7do veprim me prapavij\u00eb politike dhe arbitrare c\u00ebnon hapur parimet e shtetit ligjor dhe demokracis\u00eb vendore.<\/em><\/p>\n<p style=\"background: white; -webkit-tap-highlight-color: transparent !important; box-sizing: border-box; overflow-wrap: break-word; font-variant-ligatures: normal; font-variant-caps: normal; orphans: 2; widows: 2; -webkit-text-stroke-width: 0px; text-decoration-thickness: initial; text-decoration-style: initial; text-decoration-color: initial; word-spacing: 0px; margin: 0in 0in 19.5pt 0in;\"><em>Shoqata e Bashkive t\u00eb Shqip\u00ebris\u00eb konsideron se demokracia lokale dhe sundimi i ligjit kan\u00eb r\u00ebnd\u00ebsi madhore p\u00ebr integrimin e vendit ton\u00eb. Shoqata e Bashkive t\u00eb Shqip\u00ebris\u00eb \u00ebsht\u00eb e vendosur p\u00ebr t\u00eb vijuar deri n\u00eb fund duke shprehur vullnetin e saj p\u00ebr t\u00eb respektuar ligjin dhe vendimin p\u00ebrfundimtar t\u00eb Gjykat\u00ebs Kushtetuese,\u201d<\/em> shkruan ajo nd\u00ebr t\u00eb tjera.<\/p>","protected":false},"excerpt":{"rendered":"<p>Voltana Ademi ka reaguar pasi nuk u rizgjodh si kryetare e Shoqat\u00ebs s\u00eb Bashkis\u00eb, por u em\u00ebrua Pjerin Ndreu. Ajo nuk e njeh vendimin\u00a0p\u00ebr shkarkimin si kryetare e Shoqat\u00ebs s\u00eb Bashkive, teksa shkruan se PS ka tentuar t\u00eb d\u00ebmtoj\u00eb demokracin\u00eb. Nd\u00ebr t\u00eb tjera Ademi shkruan se pati nj\u00eb tentativ\u00eb p\u00ebr t\u00eb kapur ilegalisht Shoqat\u00ebn e [&hellip;]<\/p>\n","protected":false},"author":2030,"featured_media":187330,"comment_status":"closed","ping_status":"closed","sticky":false,"template":"","format":"standard","meta":{"footnotes":""},"categories":[241,1454],"tags":[],"class_list":{"0":"post-187329","1":"post","2":"type-post","3":"status-publish","4":"format-standard","5":"has-post-thumbnail","7":"category-aktualitet","8":"category-politike"},"_links":{"self":[{"href":"https:\/\/zjarr.tv\/en\/wp-json\/wp\/v2\/posts\/187329","targetHints":{"allow":["GET"]}}],"collection":[{"href":"https:\/\/zjarr.tv\/en\/wp-json\/wp\/v2\/posts"}],"about":[{"href":"https:\/\/zjarr.tv\/en\/wp-json\/wp\/v2\/types\/post"}],"author":[{"embeddable":true,"href":"https:\/\/zjarr.tv\/en\/wp-json\/wp\/v2\/users\/2030"}],"replies":[{"embeddable":true,"href":"https:\/\/zjarr.tv\/en\/wp-json\/wp\/v2\/comments?post=187329"}],"version-history":[{"count":0,"href":"https:\/\/zjarr.tv\/en\/wp-json\/wp\/v2\/posts\/187329\/revisions"}],"wp:featuredmedia":[{"embeddable":true,"href":"https:\/\/zjarr.tv\/en\/wp-json\/wp\/v2\/media\/187330"}],"wp:attachment":[{"href":"https:\/\/zjarr.tv\/en\/wp-json\/wp\/v2\/media?parent=187329"}],"wp:term":[{"taxonomy":"category","embeddable":true,"href":"https:\/\/zjarr.tv\/en\/wp-json\/wp\/v2\/categories?post=187329"},{"taxonomy":"post_tag","embeddable":true,"href":"https:\/\/zjarr.tv\/en\/wp-json\/wp\/v2\/tags?post=187329"}],"curies":[{"name":"wp","href":"https:\/\/api.w.org\/{rel}","templated":true}]}}