{"id":187344,"date":"2021-06-08T15:39:08","date_gmt":"2021-06-08T13:39:08","guid":{"rendered":"https:\/\/zjarr.tv\/?p=187344"},"modified":"2021-06-08T15:39:08","modified_gmt":"2021-06-08T13:39:08","slug":"prishja-e-ndertimeve-pa-leje-ne-ksamil-ina-zhupa-publikon-denoncimin-e-qytetarit-shembjet-selektive-jane-nje-hakmarrje-politike","status":"publish","type":"post","link":"https:\/\/zjarr.tv\/en\/prishja-e-ndertimeve-pa-leje-ne-ksamil-ina-zhupa-publikon-denoncimin-e-qytetarit-shembjet-selektive-jane-nje-hakmarrje-politike\/","title":{"rendered":"Prishja e nd\u00ebrtimeve pa leje n\u00eb Ksamil, Ina Zhupa publikon denoncimin e qytetarit: Shembjet selektive jan\u00eb nj\u00eb hakmarrje politike"},"content":{"rendered":"<p style=\"background: white; margin: 0in 0in 19.5pt 0in;\">Deputetja e ardhshme e Kuvendit t\u00eb Shqip\u00ebris\u00eb, e dal\u00eb nga zgjedhjet e 25 prillit, Ina Zhupa ka reaguar p\u00ebr prishjen e nd\u00ebrtimeve pa leje n\u00eb Ksamil, pas urdh\u00ebrit t\u00eb kryeministrit Edi Rama pak dit\u00eb m\u00eb par\u00eb.<\/p>\n<p style=\"background: white; -webkit-tap-highlight-color: transparent !important; box-sizing: border-box; overflow-wrap: break-word; font-variant-ligatures: normal; font-variant-caps: normal; orphans: 2; widows: 2; -webkit-text-stroke-width: 0px; text-decoration-thickness: initial; text-decoration-style: initial; text-decoration-color: initial; word-spacing: 0px; margin: 0in 0in 19.5pt 0in;\">Zhupa ka publikuar denoncimin e familjes Zogaj n\u00eb Ksamil, t\u00eb cil\u00ebs sipas saj i kan\u00eb prishur pa asnj\u00eb njoftim kollonat e sht\u00ebpis\u00eb q\u00eb i kan\u00eb ngritur q\u00eb n\u00eb vitin 2004 dhe q\u00eb i kishin konform rregullave.<\/p>\n<p style=\"background: white; -webkit-tap-highlight-color: transparent !important; box-sizing: border-box; overflow-wrap: break-word; font-variant-ligatures: normal; font-variant-caps: normal; orphans: 2; widows: 2; -webkit-text-stroke-width: 0px; text-decoration-thickness: initial; text-decoration-style: initial; text-decoration-color: initial; word-spacing: 0px; margin: 0in 0in 19.5pt 0in;\">Familjar\u00ebt thon\u00eb se kjo ishte nj\u00eb form\u00eb hakmarrje, pasi koh\u00eb m\u00eb par\u00eb ata kishin denoncuar n\u00eb IKMT nj\u00eb nd\u00ebrtim q\u00eb u kishte bllokuar rrug\u00ebn para sht\u00ebpis\u00eb, i cili i p\u00ebrkiste nj\u00eb familjari t\u00eb nj\u00eb prej punonj\u00ebsve t\u00eb bashkis\u00eb Sarand\u00eb.<\/p>\n<p style=\"background: white; -webkit-tap-highlight-color: transparent !important; box-sizing: border-box; overflow-wrap: break-word; font-variant-ligatures: normal; font-variant-caps: normal; orphans: 2; widows: 2; -webkit-text-stroke-width: 0px; text-decoration-thickness: initial; text-decoration-style: initial; text-decoration-color: initial; word-spacing: 0px; margin: 0in 0in 19.5pt 0in;\"><strong style=\"-webkit-tap-highlight-color: transparent !important; box-sizing: border-box;\">Postimi i plot\u00eb i Ina Zhup\u00ebs:<\/strong><\/p>\n<p style=\"background: white; -webkit-tap-highlight-color: transparent !important; box-sizing: border-box; overflow-wrap: break-word; font-variant-ligatures: normal; font-variant-caps: normal; orphans: 2; widows: 2; -webkit-text-stroke-width: 0px; text-decoration-thickness: initial; text-decoration-style: initial; text-decoration-color: initial; word-spacing: 0px; margin: 0in 0in 19.5pt 0in;\">Prishjet selektive si hakmarrje politike p\u00ebr denoncimet q\u00eb i kan\u00eb b\u00ebr\u00eb hapur pushtetit n\u00eb fushat\u00ebn elektorale.<\/p>\n<p style=\"background: white; -webkit-tap-highlight-color: transparent !important; box-sizing: border-box; overflow-wrap: break-word; font-variant-ligatures: normal; font-variant-caps: normal; orphans: 2; widows: 2; -webkit-text-stroke-width: 0px; text-decoration-thickness: initial; text-decoration-style: initial; text-decoration-color: initial; word-spacing: 0px; margin: 0in 0in 19.5pt 0in;\">Ne 5 Prill n\u00eb Ksamil kemi takuar Hidajet Zogaj dhe familjen e tij, t\u00eb cil\u00ebt kan\u00eb denoncuar me fakte sesi ishin ankuar ne bashki dhe IKMT p\u00ebr nje ndertim qe i zinte rrugen e shtepise dhe kishin hapur nje porte vellai nga vellai se nderkohe cdo gje ishte bllokuar. Ndertimi i denoncuar prej tyre qe bllokonte rrugen publike ishte bere nga familjar te atyre qe punonin ne bashki.<\/p>\n<p style=\"background: white; -webkit-tap-highlight-color: transparent !important; box-sizing: border-box; overflow-wrap: break-word; font-variant-ligatures: normal; font-variant-caps: normal; orphans: 2; widows: 2; -webkit-text-stroke-width: 0px; text-decoration-thickness: initial; text-decoration-style: initial; text-decoration-color: initial; word-spacing: 0px; margin: 0in 0in 19.5pt 0in;\">Pas zgjedhjeve nuk prishin ndertimin jashte cdo norme, cdo leje dhe cdo rregulli qe familjaret denoncuar por vjen hakmarrja ndaj tyre se pse kane treguar t\u00eb v\u00ebrteten dhe i dolen ne krah opozites.<\/p>\n<p style=\"background: white; -webkit-tap-highlight-color: transparent !important; box-sizing: border-box; overflow-wrap: break-word; font-variant-ligatures: normal; font-variant-caps: normal; orphans: 2; widows: 2; -webkit-text-stroke-width: 0px; text-decoration-thickness: initial; text-decoration-style: initial; text-decoration-color: initial; word-spacing: 0px; margin: 0in 0in 19.5pt 0in;\">Policia dhe IKMT shkon p\u00ebr t`ju sh\u00ebmbur pa asnje njoftim dhe n\u00eb kund\u00ebrshtim me ligjin kollonat e shtepise qe datojne n\u00eb vitin 2004 sipas te gjitha rregullave dhe qe nuk e perfunduan dot per mungese parash.<\/p>\n<p style=\"background: white; -webkit-tap-highlight-color: transparent !important; box-sizing: border-box; overflow-wrap: break-word; font-variant-ligatures: normal; font-variant-caps: normal; orphans: 2; widows: 2; -webkit-text-stroke-width: 0px; text-decoration-thickness: initial; text-decoration-style: initial; text-decoration-color: initial; word-spacing: 0px; margin: 0in 0in 19.5pt 0in;\">Eshte detyra jone qe mos ta ndalim betejen per keta qytetaret qe na besuan! Per shqiptaret qe duan ti vij fundi pandeshkueshmerise dhe klientelizmave te miqve dhe familjareve te pushtetit dhe te gezojne pronen dhe te drejtat e tyre sipas ligjit.<\/p>","protected":false},"excerpt":{"rendered":"<p>Deputetja e ardhshme e Kuvendit t\u00eb Shqip\u00ebris\u00eb, e dal\u00eb nga zgjedhjet e 25 prillit, Ina Zhupa ka reaguar p\u00ebr prishjen e nd\u00ebrtimeve pa leje n\u00eb Ksamil, pas urdh\u00ebrit t\u00eb kryeministrit Edi Rama pak dit\u00eb m\u00eb par\u00eb. Zhupa ka publikuar denoncimin e familjes Zogaj n\u00eb Ksamil, t\u00eb cil\u00ebs sipas saj i kan\u00eb prishur pa asnj\u00eb njoftim [&hellip;]<\/p>\n","protected":false},"author":2030,"featured_media":187345,"comment_status":"closed","ping_status":"closed","sticky":false,"template":"","format":"standard","meta":{"footnotes":""},"categories":[241,1454],"tags":[],"class_list":{"0":"post-187344","1":"post","2":"type-post","3":"status-publish","4":"format-standard","5":"has-post-thumbnail","7":"category-aktualitet","8":"category-politike"},"_links":{"self":[{"href":"https:\/\/zjarr.tv\/en\/wp-json\/wp\/v2\/posts\/187344","targetHints":{"allow":["GET"]}}],"collection":[{"href":"https:\/\/zjarr.tv\/en\/wp-json\/wp\/v2\/posts"}],"about":[{"href":"https:\/\/zjarr.tv\/en\/wp-json\/wp\/v2\/types\/post"}],"author":[{"embeddable":true,"href":"https:\/\/zjarr.tv\/en\/wp-json\/wp\/v2\/users\/2030"}],"replies":[{"embeddable":true,"href":"https:\/\/zjarr.tv\/en\/wp-json\/wp\/v2\/comments?post=187344"}],"version-history":[{"count":0,"href":"https:\/\/zjarr.tv\/en\/wp-json\/wp\/v2\/posts\/187344\/revisions"}],"wp:featuredmedia":[{"embeddable":true,"href":"https:\/\/zjarr.tv\/en\/wp-json\/wp\/v2\/media\/187345"}],"wp:attachment":[{"href":"https:\/\/zjarr.tv\/en\/wp-json\/wp\/v2\/media?parent=187344"}],"wp:term":[{"taxonomy":"category","embeddable":true,"href":"https:\/\/zjarr.tv\/en\/wp-json\/wp\/v2\/categories?post=187344"},{"taxonomy":"post_tag","embeddable":true,"href":"https:\/\/zjarr.tv\/en\/wp-json\/wp\/v2\/tags?post=187344"}],"curies":[{"name":"wp","href":"https:\/\/api.w.org\/{rel}","templated":true}]}}