{"id":187353,"date":"2021-06-08T17:02:37","date_gmt":"2021-06-08T15:02:37","guid":{"rendered":"https:\/\/zjarr.tv\/?p=187353"},"modified":"2021-06-08T17:02:37","modified_gmt":"2021-06-08T15:02:37","slug":"shehaj-i-pervishet-bashes-mori-vendime-te-gabuara-dhe-i-la-kauzat-pergjysme-duhej-te-ikte-pas-deshtimeve-por-ka-hallin-e-karriges","status":"publish","type":"post","link":"https:\/\/zjarr.tv\/en\/shehaj-i-pervishet-bashes-mori-vendime-te-gabuara-dhe-i-la-kauzat-pergjysme-duhej-te-ikte-pas-deshtimeve-por-ka-hallin-e-karriges\/","title":{"rendered":"Shehaj i p\u00ebrvishet Bash\u00ebs: Mori vendime t\u00eb gabuara dhe i la kauzat p\u00ebrgjysm\u00eb. Duhej t\u00eb ikte pas d\u00ebshtimeve, por ka hallin e karriges"},"content":{"rendered":"<p style=\"background: white; margin: 0in 0in 19.5pt 0in;\">Nj\u00eb nga kandidat\u00ebt p\u00ebr t\u00eb marr\u00eb drejtimin e Partis\u00eb Demokratike, Agron Shehaj ka ashp\u00ebrsuar tonet duke \u201csulmuar\u201d drejtp\u00ebrdrejt liderin aktual t\u00eb PD-s\u00eb, Lulzim Basha.<\/p>\n<p style=\"background: white; -webkit-tap-highlight-color: transparent !important; box-sizing: border-box; overflow-wrap: break-word; font-variant-ligatures: normal; font-variant-caps: normal; orphans: 2; widows: 2; -webkit-text-stroke-width: 0px; text-decoration-thickness: initial; text-decoration-style: initial; text-decoration-color: initial; word-spacing: 0px; margin: 0in 0in 19.5pt 0in;\">Pas takimit me demokrat\u00ebt n\u00eb Pogradec, Shehaj ka publikuar nj\u00eb video dhe citimin e nj\u00eb qytetari i cili shprehet i zhg\u00ebnjyer nga Lulzim Basha. Vet\u00eb Shehaj thot\u00eb se vendimet e tij ishin t\u00eb gabuara dhe kauzat e l\u00ebna p\u00ebrgjysm\u00eb.<\/p>\n<p style=\"background: white; -webkit-tap-highlight-color: transparent !important; box-sizing: border-box; overflow-wrap: break-word; font-variant-ligatures: normal; font-variant-caps: normal; orphans: 2; widows: 2; -webkit-text-stroke-width: 0px; text-decoration-thickness: initial; text-decoration-style: initial; text-decoration-color: initial; word-spacing: 0px; margin: 0in 0in 19.5pt 0in;\">Ai mendon se Basha duhet t\u00eb largohet pas d\u00ebshtimeve t\u00eb shumta, por nj\u00ebkoh\u00ebsisht konstaton dhe vendosm\u00ebrin\u00eb e kryetarit aktual p\u00ebr t\u00eb mbajtur me zor karrigen, duke mos pasur interes q\u00eb t\u00eb ndryshoj\u00eb asgj\u00eb.<\/p>\n<p style=\"background: white; -webkit-tap-highlight-color: transparent !important; box-sizing: border-box; overflow-wrap: break-word; font-variant-ligatures: normal; font-variant-caps: normal; orphans: 2; widows: 2; -webkit-text-stroke-width: 0px; text-decoration-thickness: initial; text-decoration-style: initial; text-decoration-color: initial; word-spacing: 0px; margin: 0in 0in 19.5pt 0in;\"><strong style=\"-webkit-tap-highlight-color: transparent !important; box-sizing: border-box;\">Sh\u00ebnimi i Agron Shehajt<\/strong><\/p>\n<p style=\"background: white; -webkit-tap-highlight-color: transparent !important; box-sizing: border-box; overflow-wrap: break-word; font-variant-ligatures: normal; font-variant-caps: normal; orphans: 2; widows: 2; -webkit-text-stroke-width: 0px; text-decoration-thickness: initial; text-decoration-style: initial; text-decoration-color: initial; word-spacing: 0px; margin: 0in 0in 19.5pt 0in;\">\u201cMe Bash\u00ebn jam shum\u00eb i zhg\u00ebnjyer. Un\u00eb kam qen\u00eb n\u00eb \u00e7do protest\u00eb n\u00eb Tiran\u00eb, n\u00eb \u00e7ad\u00ebr dhe kudo. Nuk kam p\u00ebrfituar asnj\u00ebher\u00eb pun\u00eb nga PD, e din\u00eb t\u00eb gjith\u00eb. Un\u00eb mendoj se ka ardhur koha q\u00eb lideri t\u00eb ndryshoj\u00eb.\u201d<\/p>\n<p style=\"background: white; -webkit-tap-highlight-color: transparent !important; box-sizing: border-box; overflow-wrap: break-word; font-variant-ligatures: normal; font-variant-caps: normal; orphans: 2; widows: 2; -webkit-text-stroke-width: 0px; text-decoration-thickness: initial; text-decoration-style: initial; text-decoration-color: initial; word-spacing: 0px; margin: 0in 0in 19.5pt 0in;\">Demokrat\u00ebt e thjesht\u00eb do b\u00ebjn\u00eb bilancin e energjive dhe sakrificave t\u00eb \u00e7uara d\u00ebm nga vendimet e gabuara dhe kauzat e l\u00ebna p\u00ebrgjys\u00ebm nga lidershipi aktual i PD-s\u00eb. \u00c7do lider q\u00eb ka prioritet Partin\u00eb Demokratike dhe demokrat\u00ebt do t\u00eb largohej pas kaq d\u00ebshtimesh. Por lideri i tanish\u00ebm do q\u00eb ta ruaj\u00eb karrigen p\u00ebrjet\u00ebsisht dhe nuk do q\u00eb t\u00eb ndryshohet asgj\u00eb. \u00cbsht\u00eb koha q\u00eb ndryshimin t\u00eb vendosin demokrat\u00ebt e thjesht\u00eb me vot\u00ebn e tyre m\u00eb 13 qershor. Partia \u00ebsht\u00eb e tyre, liderat duhet t\u00eb vin\u00eb dhe t\u00eb ikin sapo d\u00ebshtojn\u00eb.<\/p>","protected":false},"excerpt":{"rendered":"<p>Nj\u00eb nga kandidat\u00ebt p\u00ebr t\u00eb marr\u00eb drejtimin e Partis\u00eb Demokratike, Agron Shehaj ka ashp\u00ebrsuar tonet duke \u201csulmuar\u201d drejtp\u00ebrdrejt liderin aktual t\u00eb PD-s\u00eb, Lulzim Basha. Pas takimit me demokrat\u00ebt n\u00eb Pogradec, Shehaj ka publikuar nj\u00eb video dhe citimin e nj\u00eb qytetari i cili shprehet i zhg\u00ebnjyer nga Lulzim Basha. Vet\u00eb Shehaj thot\u00eb se vendimet e tij [&hellip;]<\/p>\n","protected":false},"author":2030,"featured_media":187354,"comment_status":"closed","ping_status":"closed","sticky":false,"template":"","format":"standard","meta":{"footnotes":""},"categories":[241,1454],"tags":[],"class_list":{"0":"post-187353","1":"post","2":"type-post","3":"status-publish","4":"format-standard","5":"has-post-thumbnail","7":"category-aktualitet","8":"category-politike"},"_links":{"self":[{"href":"https:\/\/zjarr.tv\/en\/wp-json\/wp\/v2\/posts\/187353","targetHints":{"allow":["GET"]}}],"collection":[{"href":"https:\/\/zjarr.tv\/en\/wp-json\/wp\/v2\/posts"}],"about":[{"href":"https:\/\/zjarr.tv\/en\/wp-json\/wp\/v2\/types\/post"}],"author":[{"embeddable":true,"href":"https:\/\/zjarr.tv\/en\/wp-json\/wp\/v2\/users\/2030"}],"replies":[{"embeddable":true,"href":"https:\/\/zjarr.tv\/en\/wp-json\/wp\/v2\/comments?post=187353"}],"version-history":[{"count":0,"href":"https:\/\/zjarr.tv\/en\/wp-json\/wp\/v2\/posts\/187353\/revisions"}],"wp:featuredmedia":[{"embeddable":true,"href":"https:\/\/zjarr.tv\/en\/wp-json\/wp\/v2\/media\/187354"}],"wp:attachment":[{"href":"https:\/\/zjarr.tv\/en\/wp-json\/wp\/v2\/media?parent=187353"}],"wp:term":[{"taxonomy":"category","embeddable":true,"href":"https:\/\/zjarr.tv\/en\/wp-json\/wp\/v2\/categories?post=187353"},{"taxonomy":"post_tag","embeddable":true,"href":"https:\/\/zjarr.tv\/en\/wp-json\/wp\/v2\/tags?post=187353"}],"curies":[{"name":"wp","href":"https:\/\/api.w.org\/{rel}","templated":true}]}}