{"id":187359,"date":"2021-06-08T17:32:08","date_gmt":"2021-06-08T15:32:08","guid":{"rendered":"https:\/\/zjarr.tv\/?p=187359"},"modified":"2021-06-08T17:32:08","modified_gmt":"2021-06-08T15:32:08","slug":"rama-ne-konference-me-homologun-hungarez-ju-na-dhuruat-mbretereshen-ndersa-ne-ju-dhame","status":"publish","type":"post","link":"https:\/\/zjarr.tv\/en\/rama-ne-konference-me-homologun-hungarez-ju-na-dhuruat-mbretereshen-ndersa-ne-ju-dhame\/","title":{"rendered":"Rama n\u00eb konferenc\u00eb me homologun hungarez: Ju na dhuruat mbret\u00ebresh\u00ebn, nd\u00ebrsa ne ju dham\u00eb \u2026"},"content":{"rendered":"<p>Rama n\u00eb konferenc\u00eb me homologun hungarez, nuk humb shansin t\u00eb b\u00ebj\u00eb protagonistin me batuta.<\/p>\n<p>Ishte nder t\u00eb isha mik te kryeministri Orban. Hungaria \u00ebsht\u00eb nj\u00eb vend ku ka shum\u00eb dije, ku ka nevoja mbresl\u00ebn\u00ebse, transformuese, ku ka shum\u00eb p\u00ebr t\u00eb m\u00ebsuar.<\/p>\n<p>I jam shum\u00eb mir\u00ebnjohes kryeministrit. Duam t\u00eb bashk\u00ebpunojm\u00eb jo vet\u00ebm p\u00ebr sa i p\u00ebrket ekonomis\u00eb, por edhe arsimit.<\/p>\n<p>T\u00eb mb\u00ebshtesim t\u00eb rinjt\u00eb dhe talentet. T\u00eb inkurajojm\u00eb familjet q\u00eb ta shohin t\u00eb ardhmen e vet me sa m\u00eb shum\u00eb shpres\u00eb. Jam mir\u00ebnjoh\u00ebs dhe pres me padurim t\u00eb shtojm\u00eb bashk\u00ebpunimin. Miq\u00ebsia me Hungarin\u00eb \u00ebsht\u00eb shum\u00eb e vjet\u00ebr.<\/p>\n<p>Ju na dhuruat mbret\u00ebresh\u00ebn, ne ju dhuruam golash\u00ebnuesin m\u00eb t\u00eb mir\u00eb t\u00eb Ferencevarosit.<\/p>","protected":false},"excerpt":{"rendered":"<p>Rama n\u00eb konferenc\u00eb me homologun hungarez, nuk humb shansin t\u00eb b\u00ebj\u00eb protagonistin me batuta. Ishte nder t\u00eb isha mik te kryeministri Orban. Hungaria \u00ebsht\u00eb nj\u00eb vend ku ka shum\u00eb dije, ku ka nevoja mbresl\u00ebn\u00ebse, transformuese, ku ka shum\u00eb p\u00ebr t\u00eb m\u00ebsuar. I jam shum\u00eb mir\u00ebnjohes kryeministrit. Duam t\u00eb bashk\u00ebpunojm\u00eb jo vet\u00ebm p\u00ebr sa i p\u00ebrket [&hellip;]<\/p>\n","protected":false},"author":2031,"featured_media":187360,"comment_status":"closed","ping_status":"closed","sticky":false,"template":"","format":"standard","meta":{"footnotes":""},"categories":[231],"tags":[],"class_list":{"0":"post-187359","1":"post","2":"type-post","3":"status-publish","4":"format-standard","5":"has-post-thumbnail","7":"category-lajme"},"_links":{"self":[{"href":"https:\/\/zjarr.tv\/en\/wp-json\/wp\/v2\/posts\/187359","targetHints":{"allow":["GET"]}}],"collection":[{"href":"https:\/\/zjarr.tv\/en\/wp-json\/wp\/v2\/posts"}],"about":[{"href":"https:\/\/zjarr.tv\/en\/wp-json\/wp\/v2\/types\/post"}],"author":[{"embeddable":true,"href":"https:\/\/zjarr.tv\/en\/wp-json\/wp\/v2\/users\/2031"}],"replies":[{"embeddable":true,"href":"https:\/\/zjarr.tv\/en\/wp-json\/wp\/v2\/comments?post=187359"}],"version-history":[{"count":0,"href":"https:\/\/zjarr.tv\/en\/wp-json\/wp\/v2\/posts\/187359\/revisions"}],"wp:featuredmedia":[{"embeddable":true,"href":"https:\/\/zjarr.tv\/en\/wp-json\/wp\/v2\/media\/187360"}],"wp:attachment":[{"href":"https:\/\/zjarr.tv\/en\/wp-json\/wp\/v2\/media?parent=187359"}],"wp:term":[{"taxonomy":"category","embeddable":true,"href":"https:\/\/zjarr.tv\/en\/wp-json\/wp\/v2\/categories?post=187359"},{"taxonomy":"post_tag","embeddable":true,"href":"https:\/\/zjarr.tv\/en\/wp-json\/wp\/v2\/tags?post=187359"}],"curies":[{"name":"wp","href":"https:\/\/api.w.org\/{rel}","templated":true}]}}