{"id":187407,"date":"2021-06-08T19:30:32","date_gmt":"2021-06-08T17:30:32","guid":{"rendered":"https:\/\/zjarr.tv\/?p=187407"},"modified":"2021-06-08T19:30:32","modified_gmt":"2021-06-08T17:30:32","slug":"te-tjere-mjeke-turq-e-shqiptare-i-bashkohen-spitalit-memoria-manastirliu-te-gjithe-ne-sherbim-te-qytetareve","status":"publish","type":"post","link":"https:\/\/zjarr.tv\/en\/te-tjere-mjeke-turq-e-shqiptare-i-bashkohen-spitalit-memoria-manastirliu-te-gjithe-ne-sherbim-te-qytetareve\/","title":{"rendered":"T\u00eb tjer\u00eb mjek\u00eb turq e shqiptar\u00eb i bashkohen Spitalit Memoria, Manastirliu: T\u00eb gjith\u00eb n\u00eb sh\u00ebrbim t\u00eb qytetar\u00ebve"},"content":{"rendered":"<p>34 mjek\u00eb dhe infermier\u00eb do t\u2019i shtohen ekipit mjek\u00ebsor t\u00eb Spitalit Memorial t\u00eb Fierit.<\/p>\n<p>Ministrja e Sh\u00ebndet\u00ebsis\u00eb, Ogerta Manastirliu p\u00ebrmes nj\u00eb postimi n\u00eb rrjete sociale thot\u00eb se 14 prej tyre jan\u00eb nga Turqia nd\u00ebrsa 20 jan\u00eb infermier\u00eb shqiptar\u00eb.<\/p>\n<p>Sipas saj, tashm\u00eb n\u00eb total jan\u00eb 127 mjek\u00eb dhe infermier\u00eb t\u00eb cil\u00ebt jan\u00eb n\u00eb sh\u00ebrbim t\u00eb qytetar\u00ebve n\u00eb k\u00ebt\u00eb spital.<\/p>\n<p>Spitali Memorial i Fierit u inaugurua m\u00eb 27 maj t\u00eb k\u00ebtij viti ku priti pacient\u00ebt e par\u00eb. Sipas qeveris\u00eb, ajo do t\u00eb adresoj\u00eb nevojat e rreth 540 mij\u00eb qytetar\u00ebve n\u00eb rajonin jugor t\u00eb Shqip\u00ebris\u00eb.<\/p>\n<p><strong>Postimi i plot\u00eb i ministres:<\/strong><\/p>\n<p>\u201cEdhe 14 mjek\u00eb dhe infermier\u00eb turq dhe 20 infermier\u00eb shqiptar\u00eb sapo i jan\u00eb bashkuar super ekipit t\u00eb Spitalit Memorial t\u00eb Fierit. 127 mjek\u00eb dhe infermier\u00eb t\u00eb skuadr\u00ebs s\u00eb p\u00ebrbashk\u00ebt shqiptaro-turke tashm\u00eb jan\u00eb n\u00eb sh\u00ebrbim t\u00eb qytetar\u00ebve t\u00eb rajonit t\u00eb jugut t\u00eb vendit, n\u00eb nj\u00eb spital ultra modern, me sh\u00ebrbim t\u00eb standardeve bashk\u00ebkohore\u201d \u2013 shkruan Manastirliu.<\/p>","protected":false},"excerpt":{"rendered":"<p>34 mjek\u00eb dhe infermier\u00eb do t\u2019i shtohen ekipit mjek\u00ebsor t\u00eb Spitalit Memorial t\u00eb Fierit. Ministrja e Sh\u00ebndet\u00ebsis\u00eb, Ogerta Manastirliu p\u00ebrmes nj\u00eb postimi n\u00eb rrjete sociale thot\u00eb se 14 prej tyre jan\u00eb nga Turqia nd\u00ebrsa 20 jan\u00eb infermier\u00eb shqiptar\u00eb. Sipas saj, tashm\u00eb n\u00eb total jan\u00eb 127 mjek\u00eb dhe infermier\u00eb t\u00eb cil\u00ebt jan\u00eb n\u00eb sh\u00ebrbim t\u00eb qytetar\u00ebve [&hellip;]<\/p>\n","protected":false},"author":2031,"featured_media":187408,"comment_status":"closed","ping_status":"closed","sticky":false,"template":"","format":"standard","meta":{"footnotes":""},"categories":[231],"tags":[],"class_list":{"0":"post-187407","1":"post","2":"type-post","3":"status-publish","4":"format-standard","5":"has-post-thumbnail","7":"category-lajme"},"_links":{"self":[{"href":"https:\/\/zjarr.tv\/en\/wp-json\/wp\/v2\/posts\/187407","targetHints":{"allow":["GET"]}}],"collection":[{"href":"https:\/\/zjarr.tv\/en\/wp-json\/wp\/v2\/posts"}],"about":[{"href":"https:\/\/zjarr.tv\/en\/wp-json\/wp\/v2\/types\/post"}],"author":[{"embeddable":true,"href":"https:\/\/zjarr.tv\/en\/wp-json\/wp\/v2\/users\/2031"}],"replies":[{"embeddable":true,"href":"https:\/\/zjarr.tv\/en\/wp-json\/wp\/v2\/comments?post=187407"}],"version-history":[{"count":0,"href":"https:\/\/zjarr.tv\/en\/wp-json\/wp\/v2\/posts\/187407\/revisions"}],"wp:featuredmedia":[{"embeddable":true,"href":"https:\/\/zjarr.tv\/en\/wp-json\/wp\/v2\/media\/187408"}],"wp:attachment":[{"href":"https:\/\/zjarr.tv\/en\/wp-json\/wp\/v2\/media?parent=187407"}],"wp:term":[{"taxonomy":"category","embeddable":true,"href":"https:\/\/zjarr.tv\/en\/wp-json\/wp\/v2\/categories?post=187407"},{"taxonomy":"post_tag","embeddable":true,"href":"https:\/\/zjarr.tv\/en\/wp-json\/wp\/v2\/tags?post=187407"}],"curies":[{"name":"wp","href":"https:\/\/api.w.org\/{rel}","templated":true}]}}