{"id":187428,"date":"2021-06-09T08:32:36","date_gmt":"2021-06-09T06:32:36","guid":{"rendered":"https:\/\/zjarr.tv\/?p=187428"},"modified":"2021-06-09T08:32:36","modified_gmt":"2021-06-09T06:32:36","slug":"be-shtyn-negociatat-me-shqiperine-nuk-do-te-hapen-ne-qershor","status":"publish","type":"post","link":"https:\/\/zjarr.tv\/en\/be-shtyn-negociatat-me-shqiperine-nuk-do-te-hapen-ne-qershor\/","title":{"rendered":"BE shtyn negociatat me Shqip\u00ebrin\u00eb, nuk do t\u00eb hapen n\u00eb Qershor\u2026"},"content":{"rendered":"<p>Nga takimi i Ministrave t\u00eb Jasht\u00ebm t\u00eb Ballkanit Per\u00ebndimor, n\u00eb kuad\u00ebr t\u00eb Procesit t\u00eb Berlinit, shefi i diplomacis\u00eb gjermane Heiko Maas, pohoi se nuk beson q\u00eb Konferencat e Para Nd\u00ebrqeveritare p\u00ebr an\u00ebtar\u00ebsimin e Shqip\u00ebris\u00eb dhe Maqedonis\u00eb s\u00eb Veriut n\u00eb BE, do t\u00eb hapen gjat\u00eb presidenc\u00ebs portugeze t\u00eb BE-s\u00eb.<\/p>\n<p>Arsyeja duket \u00ebsht\u00eb pik\u00ebrisht bllokada q\u00eb Bullgaria i ka b\u00ebr\u00eb Maqedonis\u00eb s\u00eb Veriut, mungesa e avancimit t\u00eb s\u00eb cil\u00ebs pengon dhe Shqip\u00ebrin\u00eb. Maas tha se Portugalia po b\u00ebn aktualisht p\u00ebrpjekje si \u00a0kryetare e radh\u00ebs s\u00eb BE-s\u00eb, p\u00ebr kap\u00ebrcimin e ng\u00ebr\u00e7it mes Sofjes dhe Shkupit n\u00eb nj\u00eb plan dypal\u00ebsh, \u00e7ka e cil\u00ebsoi si \u201cnj\u00eb themel t\u00eb mir\u00eb\u00a0 p\u00ebr t\u00eb arritur \u00e7eljen e konferenc\u00ebs s\u00eb par\u00eb nd\u00ebrqeveritare me k\u00ebto dy vende, n\u00eb kuad\u00ebr t\u00eb presidenc\u00ebs sllovene, n\u00eb gjysm\u00ebn e dyt\u00eb t\u00eb k\u00ebtij viti.<\/p>\n<p><em>\u201cJemi n\u00eb dialog t\u00eb ngusht\u00eb me Sllovenin\u00eb dhe Portugalin\u00eb, n\u00eb kuad\u00ebr t\u00eb presidenc\u00ebs treshe t\u00eb K\u00ebshillit t\u00eb BE-s\u00eb, por edhe me Komisionin e BE-s\u00eb, n\u00eb m\u00ebnyr\u00eb q\u00eb t\u00eb krijojm\u00eb premisat q\u00eb me \u00e7do kusht t\u00eb hapen konferencat e para nd\u00ebrqeveritare p\u00ebr Shqip\u00ebrin\u00eb dhe Maqedonin\u00eb e Veriut.<\/em><\/p>\n<p><em>Un\u00eb jam optimist se k\u00ebt\u00eb do ta realizojm\u00eb, edhe pse \u00ebsht\u00eb e v\u00ebshtir\u00eb dhe po zgjat m\u00eb shum\u00eb se \u00e7\u2019duam<\/em>\u201c, tha Maas, duke iu p\u00ebrgjigjur nj\u00eb pyetjeje t\u00eb Deutsche Welle-s.Ministri i Jasht\u00ebm gjerman pohoi gjithashtu, se n\u00ebse vendet e Ballkanit Per\u00ebndimor i plot\u00ebsojn\u00eb kushtet e k\u00ebrkuara, at\u00ebher\u00eb nuk kemi p\u00ebrse t\u00eb ngurrojm\u00eb me fillimin e negociatave.<\/p>\n<p>M\u00eb her\u00ebt, kryediplomati gjerman kishte k\u00ebrkuar shfuqizimin e s\u00eb drejt\u00ebs s\u00eb vendeve an\u00ebtare t\u00eb BE-s\u00eb, p\u00ebr t`i v\u00ebn\u00eb veton masave n\u00eb politik\u00ebn e jashtme, duke th\u00ebn\u00eb se blloku nuk mund ta lejoj\u00eb veten q\u00eb t\u00eb mbahet peng.<\/p>\n<p>Nj\u00eb deklarat\u00eb e till\u00eb d\u00ebshmoi zhg\u00ebnjimin n\u00eb rritje n\u00eb Berlin, mbi m\u00ebnyr\u00ebn n\u00eb t\u00eb cil\u00ebn vendet individuale t\u00eb Bashkimit Europian, mund t\u00eb bllokojn\u00eb \u00e7\u00ebshtje p\u00ebr t\u00eb cilat bien dakord an\u00ebtaret e tjer\u00eb, duke penguar k\u00ebshtu si\u00e7 tha Maas nismat e p\u00ebrbashk\u00ebta, p\u00ebr t\u00eb cilat \u00ebsht\u00eb punuar aq shum\u00eb e duke rrezikuar edhe vet\u00eb kohezionin e Evrop\u00ebs.<\/p>\n<p>&nbsp;<\/p>","protected":false},"excerpt":{"rendered":"<p>Nga takimi i Ministrave t\u00eb Jasht\u00ebm t\u00eb Ballkanit Per\u00ebndimor, n\u00eb kuad\u00ebr t\u00eb Procesit t\u00eb Berlinit, shefi i diplomacis\u00eb gjermane Heiko Maas, pohoi se nuk beson q\u00eb Konferencat e Para Nd\u00ebrqeveritare p\u00ebr an\u00ebtar\u00ebsimin e Shqip\u00ebris\u00eb dhe Maqedonis\u00eb s\u00eb Veriut n\u00eb BE, do t\u00eb hapen gjat\u00eb presidenc\u00ebs portugeze t\u00eb BE-s\u00eb. Arsyeja duket \u00ebsht\u00eb pik\u00ebrisht bllokada q\u00eb Bullgaria [&hellip;]<\/p>\n","protected":false},"author":2016,"featured_media":187430,"comment_status":"closed","ping_status":"closed","sticky":false,"template":"","format":"standard","meta":{"footnotes":""},"categories":[241,1454],"tags":[3663],"class_list":{"0":"post-187428","1":"post","2":"type-post","3":"status-publish","4":"format-standard","5":"has-post-thumbnail","7":"category-aktualitet","8":"category-politike","9":"tag-lajme-zjarr-be-shtyn-negociatat-me-shqiperine-zjarr-tv"},"_links":{"self":[{"href":"https:\/\/zjarr.tv\/en\/wp-json\/wp\/v2\/posts\/187428","targetHints":{"allow":["GET"]}}],"collection":[{"href":"https:\/\/zjarr.tv\/en\/wp-json\/wp\/v2\/posts"}],"about":[{"href":"https:\/\/zjarr.tv\/en\/wp-json\/wp\/v2\/types\/post"}],"author":[{"embeddable":true,"href":"https:\/\/zjarr.tv\/en\/wp-json\/wp\/v2\/users\/2016"}],"replies":[{"embeddable":true,"href":"https:\/\/zjarr.tv\/en\/wp-json\/wp\/v2\/comments?post=187428"}],"version-history":[{"count":0,"href":"https:\/\/zjarr.tv\/en\/wp-json\/wp\/v2\/posts\/187428\/revisions"}],"wp:featuredmedia":[{"embeddable":true,"href":"https:\/\/zjarr.tv\/en\/wp-json\/wp\/v2\/media\/187430"}],"wp:attachment":[{"href":"https:\/\/zjarr.tv\/en\/wp-json\/wp\/v2\/media?parent=187428"}],"wp:term":[{"taxonomy":"category","embeddable":true,"href":"https:\/\/zjarr.tv\/en\/wp-json\/wp\/v2\/categories?post=187428"},{"taxonomy":"post_tag","embeddable":true,"href":"https:\/\/zjarr.tv\/en\/wp-json\/wp\/v2\/tags?post=187428"}],"curies":[{"name":"wp","href":"https:\/\/api.w.org\/{rel}","templated":true}]}}