{"id":187439,"date":"2021-06-09T09:50:24","date_gmt":"2021-06-09T07:50:24","guid":{"rendered":"https:\/\/zjarr.tv\/?p=187439"},"modified":"2021-06-09T09:50:24","modified_gmt":"2021-06-09T07:50:24","slug":"pas-humbjes-se-zgjedhjeve-rudina-hajdari-shfaqet-ne-studion-e-fotografit-shqiptar-kur-ndihesh-mire-me-veten","status":"publish","type":"post","link":"https:\/\/zjarr.tv\/en\/pas-humbjes-se-zgjedhjeve-rudina-hajdari-shfaqet-ne-studion-e-fotografit-shqiptar-kur-ndihesh-mire-me-veten\/","title":{"rendered":"Pas humbjes s\u00eb Zgjedhjeve, Rudina Hajdari shfaqet n\u00eb studion e fotografit shqiptar: Kur ndihesh mir\u00eb me veten\u2026"},"content":{"rendered":"<p>Rudina Hajdari, \u00ebsht\u00eb zhvendosur s\u00ebrish n\u00eb Shtetet e Bashkuara t\u00eb Amerik\u00ebs, ku ka zhvilluar takime me figura t\u00eb ndryshme politike.<\/p>\n<p>Mir\u00ebpo, s\u00eb fundmi, ajo i ka surprizuar t\u00eb gjith\u00eb me foton e fundit t\u00eb postuar n\u00eb Instagram. Hajdari shfaqet n\u00eb studion e fotografit shqiptar me fam\u00eb nd\u00ebrkomb\u00ebtare, Fadil Berisha.<\/p>\n<p><em style=\"font-weight: inherit;\">\u201cKur je me Fadil Berishen dhe ndihesh mir\u00eb me veten #newyork makeup:@tore__mua #nofilter<\/em>\u201d, ka shkruar deputetja krahas fotos.<\/p>\n<p><img loading=\"lazy\" decoding=\"async\" class=\"alignnone size-full wp-image-187441\" src=\"https:\/\/zjarr.tv\/wp-content\/uploads\/2021\/06\/rudi-1.png\" alt=\"\" width=\"537\" height=\"845\" srcset=\"https:\/\/zjarr.tv\/wp-content\/uploads\/2021\/06\/rudi-1.png 537w, https:\/\/zjarr.tv\/wp-content\/uploads\/2021\/06\/rudi-1-191x300.png 191w, https:\/\/zjarr.tv\/wp-content\/uploads\/2021\/06\/rudi-1-267x420.png 267w\" sizes=\"auto, (max-width: 537px) 100vw, 537px\" \/><\/p>","protected":false},"excerpt":{"rendered":"<p>Rudina Hajdari, \u00ebsht\u00eb zhvendosur s\u00ebrish n\u00eb Shtetet e Bashkuara t\u00eb Amerik\u00ebs, ku ka zhvilluar takime me figura t\u00eb ndryshme politike. Mir\u00ebpo, s\u00eb fundmi, ajo i ka surprizuar t\u00eb gjith\u00eb me foton e fundit t\u00eb postuar n\u00eb Instagram. Hajdari shfaqet n\u00eb studion e fotografit shqiptar me fam\u00eb nd\u00ebrkomb\u00ebtare, Fadil Berisha. \u201cKur je me Fadil Berishen dhe [&hellip;]<\/p>\n","protected":false},"author":2016,"featured_media":187442,"comment_status":"closed","ping_status":"closed","sticky":false,"template":"","format":"standard","meta":{"footnotes":""},"categories":[241],"tags":[3666],"class_list":{"0":"post-187439","1":"post","2":"type-post","3":"status-publish","4":"format-standard","5":"has-post-thumbnail","7":"category-aktualitet","8":"tag-lajme-zjarr-hajdari-shfaqet-ne-studion-e-fotografit-zjarr-tv"},"_links":{"self":[{"href":"https:\/\/zjarr.tv\/en\/wp-json\/wp\/v2\/posts\/187439","targetHints":{"allow":["GET"]}}],"collection":[{"href":"https:\/\/zjarr.tv\/en\/wp-json\/wp\/v2\/posts"}],"about":[{"href":"https:\/\/zjarr.tv\/en\/wp-json\/wp\/v2\/types\/post"}],"author":[{"embeddable":true,"href":"https:\/\/zjarr.tv\/en\/wp-json\/wp\/v2\/users\/2016"}],"replies":[{"embeddable":true,"href":"https:\/\/zjarr.tv\/en\/wp-json\/wp\/v2\/comments?post=187439"}],"version-history":[{"count":0,"href":"https:\/\/zjarr.tv\/en\/wp-json\/wp\/v2\/posts\/187439\/revisions"}],"wp:featuredmedia":[{"embeddable":true,"href":"https:\/\/zjarr.tv\/en\/wp-json\/wp\/v2\/media\/187442"}],"wp:attachment":[{"href":"https:\/\/zjarr.tv\/en\/wp-json\/wp\/v2\/media?parent=187439"}],"wp:term":[{"taxonomy":"category","embeddable":true,"href":"https:\/\/zjarr.tv\/en\/wp-json\/wp\/v2\/categories?post=187439"},{"taxonomy":"post_tag","embeddable":true,"href":"https:\/\/zjarr.tv\/en\/wp-json\/wp\/v2\/tags?post=187439"}],"curies":[{"name":"wp","href":"https:\/\/api.w.org\/{rel}","templated":true}]}}