{"id":187460,"date":"2021-06-09T11:03:14","date_gmt":"2021-06-09T09:03:14","guid":{"rendered":"https:\/\/zjarr.tv\/?p=187460"},"modified":"2021-06-09T11:03:14","modified_gmt":"2021-06-09T09:03:14","slug":"emanuel-makron-reagon-pas-shuplakes-jam-mire-ngjarje-e-izoluar","status":"publish","type":"post","link":"https:\/\/zjarr.tv\/en\/emanuel-makron-reagon-pas-shuplakes-jam-mire-ngjarje-e-izoluar\/","title":{"rendered":"Emanuel Makron reagon pas shuplak\u00ebs: Jam mir\u00eb, ngjarje e izoluar\u2026"},"content":{"rendered":"<p>Presidenti i Franc\u00ebs, Emannuel Macron, ka reaguar pasi u q\u00ebllua me shuplak\u00eb, nga nj\u00eb qytetar n\u00eb nj\u00eb vizit\u00eb zyrtare n\u00eb juglindje t\u00eb vendit.<\/p>\n<p>N\u00eb nj\u00eb prononcim p\u00ebr gazet\u00ebn \u201cDauphin\u00e9 Lib\u00e9r\u00e9\u201d, shefi i elizes\u00eb tha se \u00ebsht\u00eb mir\u00eb dhe se ngjarja tashm\u00eb \u00ebsht\u00eb e izoluar.<\/p>\n<p><em>\u201cUn\u00eb jam mir\u00eb. Ne duhet ta vendosim n\u00eb perspektiv\u00eb k\u00ebt\u00eb incident, i cili mendoj se \u00ebsht\u00eb nj\u00eb ngjarje e izoluar.<\/em><\/p>\n<p><em>Le t\u00eb mos lejojm\u00eb q\u00eb ngjarjet e izoluara, individ\u00eb ultra t\u00eb dhunsh\u00ebm t\u00eb kapin debatin publik ata nuk e meritojn\u00eb at\u00eb\u201d<\/em>\u00a0\u2013 \u00ebsht\u00eb shprehur Macron.<\/p>\n<p>&nbsp;<\/p>","protected":false},"excerpt":{"rendered":"<p>Presidenti i Franc\u00ebs, Emannuel Macron, ka reaguar pasi u q\u00ebllua me shuplak\u00eb, nga nj\u00eb qytetar n\u00eb nj\u00eb vizit\u00eb zyrtare n\u00eb juglindje t\u00eb vendit. N\u00eb nj\u00eb prononcim p\u00ebr gazet\u00ebn \u201cDauphin\u00e9 Lib\u00e9r\u00e9\u201d, shefi i elizes\u00eb tha se \u00ebsht\u00eb mir\u00eb dhe se ngjarja tashm\u00eb \u00ebsht\u00eb e izoluar. \u201cUn\u00eb jam mir\u00eb. Ne duhet ta vendosim n\u00eb perspektiv\u00eb k\u00ebt\u00eb incident, [&hellip;]<\/p>\n","protected":false},"author":2016,"featured_media":187462,"comment_status":"closed","ping_status":"closed","sticky":false,"template":"","format":"standard","meta":{"footnotes":""},"categories":[191],"tags":[3671],"class_list":{"0":"post-187460","1":"post","2":"type-post","3":"status-publish","4":"format-standard","5":"has-post-thumbnail","7":"category-bota","8":"tag-lajme-zjarr-macron-jam-mire-zjarr-tv"},"_links":{"self":[{"href":"https:\/\/zjarr.tv\/en\/wp-json\/wp\/v2\/posts\/187460","targetHints":{"allow":["GET"]}}],"collection":[{"href":"https:\/\/zjarr.tv\/en\/wp-json\/wp\/v2\/posts"}],"about":[{"href":"https:\/\/zjarr.tv\/en\/wp-json\/wp\/v2\/types\/post"}],"author":[{"embeddable":true,"href":"https:\/\/zjarr.tv\/en\/wp-json\/wp\/v2\/users\/2016"}],"replies":[{"embeddable":true,"href":"https:\/\/zjarr.tv\/en\/wp-json\/wp\/v2\/comments?post=187460"}],"version-history":[{"count":0,"href":"https:\/\/zjarr.tv\/en\/wp-json\/wp\/v2\/posts\/187460\/revisions"}],"wp:featuredmedia":[{"embeddable":true,"href":"https:\/\/zjarr.tv\/en\/wp-json\/wp\/v2\/media\/187462"}],"wp:attachment":[{"href":"https:\/\/zjarr.tv\/en\/wp-json\/wp\/v2\/media?parent=187460"}],"wp:term":[{"taxonomy":"category","embeddable":true,"href":"https:\/\/zjarr.tv\/en\/wp-json\/wp\/v2\/categories?post=187460"},{"taxonomy":"post_tag","embeddable":true,"href":"https:\/\/zjarr.tv\/en\/wp-json\/wp\/v2\/tags?post=187460"}],"curies":[{"name":"wp","href":"https:\/\/api.w.org\/{rel}","templated":true}]}}