{"id":187463,"date":"2021-06-09T11:25:28","date_gmt":"2021-06-09T09:25:28","guid":{"rendered":"https:\/\/zjarr.tv\/?p=187463"},"modified":"2021-06-09T11:25:59","modified_gmt":"2021-06-09T09:25:59","slug":"pas-urdhrit-te-amerikes-per-sekuestrimin-e-pasurive-te-personave-non-grata-vjen-reagimi-dhendrit-te-berishes-eshte-per-sorosin-ramen-vucicin-dhe-thacin","status":"publish","type":"post","link":"https:\/\/zjarr.tv\/en\/pas-urdhrit-te-amerikes-per-sekuestrimin-e-pasurive-te-personave-non-grata-vjen-reagimi-dhendrit-te-berishes-eshte-per-sorosin-ramen-vucicin-dhe-thacin\/","title":{"rendered":"Pas urdhrit t\u00eb Amerik\u00ebs p\u00ebr sekuestrimin e pasurive t\u00eb personave \u201cnon grata\u201d, vjen reagimi dh\u00ebndrit t\u00eb Berish\u00ebs: \u00cbsht\u00eb p\u00ebr Sorosin, Ram\u00ebn, Vu\u00e7i\u00e7in dhe Tha\u00e7in\u2026"},"content":{"rendered":"<p>Presidenti i Amerik\u00ebs Joe Biden, firmosi dje nj\u00eb urdh\u00ebr ekzekutiv q\u00eb lejonte sekuestrimin e pasurive t\u00eb personave t\u00eb shpallur \u201cnon grata\u201d, n\u00eb Ballkanin Per\u00ebndimor, ku b\u00ebn pjes\u00eb dhe Shqip\u00ebria.<\/p>\n<p>N\u00eb k\u00ebt\u00eb urdh\u00ebr t\u00eb firmosur nga Joe Biden, nuk ka emra konkret\u00eb, por deri m\u00eb tani n\u00eb vendin tone, jan\u00eb shpallur \u201cnon-grata\u201d kat\u00ebr persona; ish-kryebashkiaku i Durr\u00ebsit Vangjush Dako, ish-kreu i PSD-s\u00eb, Tom Doshi, ish-kryeprokurori Adriatik Lalla dhe ish-kryeministri Sali Berisha. Nuk dihet n\u00ebse k\u00ebta persona kan\u00eb pasuri n\u00eb SHBA dhe preken nga ky urdh\u00ebr ekzekutiv.<\/p>\n<p>P\u00ebr k\u00ebt\u00eb, ka reaguar dhe dh\u00ebndri i ish-kryeministrit Berisha, i cili thot\u00eb se Amerika me k\u00ebt\u00eb urdh\u00ebr t\u00eb ri, e ka p\u00ebr filantropin George Soros, Kryeministrin Edi Rama, Presidentin serb Vu\u00e7i\u00e7 dhe ish-presidentin e Kosoves Tha\u00e7i.<\/p>\n<p>\u201cSoros-Vucic-Rama-Thaci duhen konfiskuar pasurite, pasi provokimi me ndryshimin e kufinjve ishte akt lufte dhe destabilizimi me i rende qe mund te imagjinohet per Ballkanin\u201d, shkruan Jamarb\u00ebr Malltezi, ku ndan lajmin p\u00ebr urdhrin e ri t\u00eb Biden.<\/p>\n<p>Shenimi i Malltezit<\/p>\n<p>Sipas k\u00ebtij urdhri, persona q\u00eb jan\u00eb p\u00ebrfshir\u00eb n\u00eb veprime apo q\u00eb tentojn\u00eb t\u00eb destabilizojn\u00eb vendet e tyre dhe t\u00eb minojn\u00eb demokracin\u00eb, do t\u00eb p\u00ebrballen me sanksione t\u00eb forta si\u00e7 \u00ebsht\u00eb bllokimi dhe sekuestrimi i pasurive.<\/p>\n<p>&nbsp;<\/p>\n<p>&nbsp;<\/p>","protected":false},"excerpt":{"rendered":"<p>Presidenti i Amerik\u00ebs Joe Biden, firmosi dje nj\u00eb urdh\u00ebr ekzekutiv q\u00eb lejonte sekuestrimin e pasurive t\u00eb personave t\u00eb shpallur \u201cnon grata\u201d, n\u00eb Ballkanin Per\u00ebndimor, ku b\u00ebn pjes\u00eb dhe Shqip\u00ebria. N\u00eb k\u00ebt\u00eb urdh\u00ebr t\u00eb firmosur nga Joe Biden, nuk ka emra konkret\u00eb, por deri m\u00eb tani n\u00eb vendin tone, jan\u00eb shpallur \u201cnon-grata\u201d kat\u00ebr persona; ish-kryebashkiaku i [&hellip;]<\/p>\n","protected":false},"author":2016,"featured_media":187466,"comment_status":"closed","ping_status":"closed","sticky":false,"template":"","format":"standard","meta":{"footnotes":""},"categories":[241],"tags":[3672],"class_list":{"0":"post-187463","1":"post","2":"type-post","3":"status-publish","4":"format-standard","5":"has-post-thumbnail","7":"category-aktualitet","8":"tag-lajme-zjarr-malltezi-zjarr-tv"},"_links":{"self":[{"href":"https:\/\/zjarr.tv\/en\/wp-json\/wp\/v2\/posts\/187463","targetHints":{"allow":["GET"]}}],"collection":[{"href":"https:\/\/zjarr.tv\/en\/wp-json\/wp\/v2\/posts"}],"about":[{"href":"https:\/\/zjarr.tv\/en\/wp-json\/wp\/v2\/types\/post"}],"author":[{"embeddable":true,"href":"https:\/\/zjarr.tv\/en\/wp-json\/wp\/v2\/users\/2016"}],"replies":[{"embeddable":true,"href":"https:\/\/zjarr.tv\/en\/wp-json\/wp\/v2\/comments?post=187463"}],"version-history":[{"count":0,"href":"https:\/\/zjarr.tv\/en\/wp-json\/wp\/v2\/posts\/187463\/revisions"}],"wp:featuredmedia":[{"embeddable":true,"href":"https:\/\/zjarr.tv\/en\/wp-json\/wp\/v2\/media\/187466"}],"wp:attachment":[{"href":"https:\/\/zjarr.tv\/en\/wp-json\/wp\/v2\/media?parent=187463"}],"wp:term":[{"taxonomy":"category","embeddable":true,"href":"https:\/\/zjarr.tv\/en\/wp-json\/wp\/v2\/categories?post=187463"},{"taxonomy":"post_tag","embeddable":true,"href":"https:\/\/zjarr.tv\/en\/wp-json\/wp\/v2\/tags?post=187463"}],"curies":[{"name":"wp","href":"https:\/\/api.w.org\/{rel}","templated":true}]}}