{"id":187470,"date":"2021-06-09T11:41:26","date_gmt":"2021-06-09T09:41:26","guid":{"rendered":"https:\/\/zjarr.tv\/?p=187470"},"modified":"2021-06-09T11:41:26","modified_gmt":"2021-06-09T09:41:26","slug":"kuvendi-voton-shkarkimin-e-tij-meta-aktivitet-me-ansamblin-e-dibres","status":"publish","type":"post","link":"https:\/\/zjarr.tv\/en\/kuvendi-voton-shkarkimin-e-tij-meta-aktivitet-me-ansamblin-e-dibres\/","title":{"rendered":"Kuvendi voton shkarkimin e tij, Meta aktivitet me Ansamblin e Dibr\u00ebs\u2026"},"content":{"rendered":"<p>Paralelisht me pun\u00ebn e Kuvendit, i cili dit\u00ebn e sotme do t\u00eb votoj\u00eb raportin e Komisionit Hetimor p\u00ebr shkarkimin e Presidentit Meta, kreu i shtetit do t\u00eb vijoj\u00eb me axhend\u00ebn e tij t\u00eb planifikuar.<\/p>\n<p>Meta nuk do t\u00eb paraqitet n\u00eb seanc\u00ebn e sotme plenare p\u00ebr t\u00eb folur para ligjv\u00ebn\u00ebsve, por do t\u00eb zhvilloj\u00eb n\u00eb Presidenc\u00eb nj\u00eb aktivitet me Ansamblin Folklorik t\u00eb Dibr\u00ebs \u201cHazis Ndreu\u201d.<\/p>\n<p>Presidenca njofton se n\u00eb or\u00ebn 11:00, n\u00eb kuad\u00ebr t\u00eb nism\u00ebs \u201cArtist\u00ebt n\u00eb Presidenc\u00eb\u201d do t\u00eb zhvillohet nj\u00eb aktivitet kulturor\u00eb, ku Meta do t\u00eb nderoj\u00eb me Tituj edhe disa nga personalitetet e k\u00ebtij Ansambli, si dhe do t\u00eb mbaj\u00eb nj\u00eb fjal\u00eb rasti.<\/p>\n<p>Kujtojm\u00eb se Presidenti Ilir Meta, nuk e ka njohur nism\u00ebn e mazhoranc\u00ebs p\u00ebr shkarkimin e tij, madje e ka cil\u00ebsuar at\u00eb nul dhe anti-kushtetuese. Po ashtu Meta nuk \u00ebsht\u00eb paraqitur n\u00eb asnj\u00eb seanc\u00eb t\u00eb Komisionit Hetimor, i cili hartoi raportin p\u00ebr shkarkimin e tij.<\/p>\n<p>&nbsp;<\/p>","protected":false},"excerpt":{"rendered":"<p>Paralelisht me pun\u00ebn e Kuvendit, i cili dit\u00ebn e sotme do t\u00eb votoj\u00eb raportin e Komisionit Hetimor p\u00ebr shkarkimin e Presidentit Meta, kreu i shtetit do t\u00eb vijoj\u00eb me axhend\u00ebn e tij t\u00eb planifikuar. Meta nuk do t\u00eb paraqitet n\u00eb seanc\u00ebn e sotme plenare p\u00ebr t\u00eb folur para ligjv\u00ebn\u00ebsve, por do t\u00eb zhvilloj\u00eb n\u00eb Presidenc\u00eb [&hellip;]<\/p>\n","protected":false},"author":2016,"featured_media":187472,"comment_status":"closed","ping_status":"closed","sticky":false,"template":"","format":"standard","meta":{"footnotes":""},"categories":[241],"tags":[3674],"class_list":{"0":"post-187470","1":"post","2":"type-post","3":"status-publish","4":"format-standard","5":"has-post-thumbnail","7":"category-aktualitet","8":"tag-lajme-zjarr-meta-aktivitet-me-ansamblin-e-dibres-zjarr-tv"},"_links":{"self":[{"href":"https:\/\/zjarr.tv\/en\/wp-json\/wp\/v2\/posts\/187470","targetHints":{"allow":["GET"]}}],"collection":[{"href":"https:\/\/zjarr.tv\/en\/wp-json\/wp\/v2\/posts"}],"about":[{"href":"https:\/\/zjarr.tv\/en\/wp-json\/wp\/v2\/types\/post"}],"author":[{"embeddable":true,"href":"https:\/\/zjarr.tv\/en\/wp-json\/wp\/v2\/users\/2016"}],"replies":[{"embeddable":true,"href":"https:\/\/zjarr.tv\/en\/wp-json\/wp\/v2\/comments?post=187470"}],"version-history":[{"count":0,"href":"https:\/\/zjarr.tv\/en\/wp-json\/wp\/v2\/posts\/187470\/revisions"}],"wp:featuredmedia":[{"embeddable":true,"href":"https:\/\/zjarr.tv\/en\/wp-json\/wp\/v2\/media\/187472"}],"wp:attachment":[{"href":"https:\/\/zjarr.tv\/en\/wp-json\/wp\/v2\/media?parent=187470"}],"wp:term":[{"taxonomy":"category","embeddable":true,"href":"https:\/\/zjarr.tv\/en\/wp-json\/wp\/v2\/categories?post=187470"},{"taxonomy":"post_tag","embeddable":true,"href":"https:\/\/zjarr.tv\/en\/wp-json\/wp\/v2\/tags?post=187470"}],"curies":[{"name":"wp","href":"https:\/\/api.w.org\/{rel}","templated":true}]}}