{"id":187486,"date":"2021-06-09T12:55:42","date_gmt":"2021-06-09T10:55:42","guid":{"rendered":"https:\/\/zjarr.tv\/?p=187486"},"modified":"2021-06-09T12:55:42","modified_gmt":"2021-06-09T10:55:42","slug":"edi-rama-keqardhje-per-meten-tashme-i-ka-humbur-shanset-per-tu-kthyer-ne","status":"publish","type":"post","link":"https:\/\/zjarr.tv\/en\/edi-rama-keqardhje-per-meten-tashme-i-ka-humbur-shanset-per-tu-kthyer-ne\/","title":{"rendered":"Edi Rama: Keqardhje p\u00ebr Met\u00ebn, tashm\u00eb i ka humbur shanset p\u00ebr t\u2019u kthyer n\u00eb\u2026"},"content":{"rendered":"<p>Kryeministri Edi Rama, deklaroi shkurt n\u00eb Kuvend se Ilir Meta, duhet shkarkuar si President, pasi ka tradhtuar misionin e tij.<\/p>\n<p>Ndryshe nga koha q\u00eb kishte k\u00ebrkuar\u00a0prej 30 minutash, Edi Rama e ka mbyllur shpejt fjal\u00ebn e tij p\u00ebr shkarkimin e Presidentit Ilir Meta, p\u00ebr t\u00eb cilin tha se ndjen keqardhje, por i ka humbur t\u00eb gjitha shanset q\u00eb t\u00eb kthehet n\u00eb binar\u00ebt e kushtetutshm\u00ebris\u00eb.<\/p>\n<p><em>\u201cIlir Meta ka shembur institucionin e garantit t\u00eb unitetit komb\u00ebtar. Ilir Meta ka dhunuar kufirin jetik t\u00eb ndarjes s\u00eb pushteteve n\u00eb demokracin\u00eb ton\u00eb parlamentare.<\/em><\/p>\n<p><em>Ka turp\u00ebruar Shqip\u00ebrin\u00eb dhe popullin shqiptar n\u00eb marr\u00ebdh\u00ebnien krejt speciale me SHBA.<\/em><\/p>\n<p><em>Ka shkarravitur fytyr\u00ebn e shtetit shqiptar n\u00eb marr\u00ebdh\u00ebnie me bashk\u00ebsit\u00eb nd\u00ebrkomb\u00ebtare n\u00eb Shqip\u00ebria. <\/em><em>I ka humbur p\u00ebrfundimisht t\u00eb gjitha shanset q\u00eb i jan\u00eb dh\u00ebn\u00eb p\u00ebr t\u2019u kthyer n\u00eb binar\u00ebt e arsyes morale dhe ligjore. Shqip\u00ebria nuk mund ta mbaj\u00eb m\u00eb n\u00eb kurriz Ilir Met\u00ebn.<\/em><\/p>\n<p><em>Ndaj ky parlament duhet t\u00eb ushtroj\u00eb vullnetin e m\u00eb shum\u00eb se 90% t\u00eb qytetar\u00ebve shqiptar\u00ebve. Keqardhje p\u00ebr mikun tim t\u00eb dikursh\u00ebm Ilir, por tani t\u00eb flas\u00eb parlamenti me vot\u00eb\u201d,<\/em>\u00a0u shpreh Kryeministri Rama.<\/p>\n<p>&nbsp;<\/p>","protected":false},"excerpt":{"rendered":"<p>Kryeministri Edi Rama, deklaroi shkurt n\u00eb Kuvend se Ilir Meta, duhet shkarkuar si President, pasi ka tradhtuar misionin e tij. Ndryshe nga koha q\u00eb kishte k\u00ebrkuar\u00a0prej 30 minutash, Edi Rama e ka mbyllur shpejt fjal\u00ebn e tij p\u00ebr shkarkimin e Presidentit Ilir Meta, p\u00ebr t\u00eb cilin tha se ndjen keqardhje, por i ka humbur t\u00eb [&hellip;]<\/p>\n","protected":false},"author":2016,"featured_media":187488,"comment_status":"closed","ping_status":"closed","sticky":false,"template":"","format":"standard","meta":{"footnotes":""},"categories":[241],"tags":[3678],"class_list":{"0":"post-187486","1":"post","2":"type-post","3":"status-publish","4":"format-standard","5":"has-post-thumbnail","7":"category-aktualitet","8":"tag-lajme-zjarr-rama-keqardhje-per-meten-zjarr-tv"},"_links":{"self":[{"href":"https:\/\/zjarr.tv\/en\/wp-json\/wp\/v2\/posts\/187486","targetHints":{"allow":["GET"]}}],"collection":[{"href":"https:\/\/zjarr.tv\/en\/wp-json\/wp\/v2\/posts"}],"about":[{"href":"https:\/\/zjarr.tv\/en\/wp-json\/wp\/v2\/types\/post"}],"author":[{"embeddable":true,"href":"https:\/\/zjarr.tv\/en\/wp-json\/wp\/v2\/users\/2016"}],"replies":[{"embeddable":true,"href":"https:\/\/zjarr.tv\/en\/wp-json\/wp\/v2\/comments?post=187486"}],"version-history":[{"count":0,"href":"https:\/\/zjarr.tv\/en\/wp-json\/wp\/v2\/posts\/187486\/revisions"}],"wp:featuredmedia":[{"embeddable":true,"href":"https:\/\/zjarr.tv\/en\/wp-json\/wp\/v2\/media\/187488"}],"wp:attachment":[{"href":"https:\/\/zjarr.tv\/en\/wp-json\/wp\/v2\/media?parent=187486"}],"wp:term":[{"taxonomy":"category","embeddable":true,"href":"https:\/\/zjarr.tv\/en\/wp-json\/wp\/v2\/categories?post=187486"},{"taxonomy":"post_tag","embeddable":true,"href":"https:\/\/zjarr.tv\/en\/wp-json\/wp\/v2\/tags?post=187486"}],"curies":[{"name":"wp","href":"https:\/\/api.w.org\/{rel}","templated":true}]}}