{"id":187489,"date":"2021-06-09T13:10:10","date_gmt":"2021-06-09T11:10:10","guid":{"rendered":"https:\/\/zjarr.tv\/?p=187489"},"modified":"2021-06-09T13:10:10","modified_gmt":"2021-06-09T11:10:10","slug":"kujtim-gjuzi-mesazh-metes-ke-90-minuta-kohe-te-japesh-doreheqjen-me-nder","status":"publish","type":"post","link":"https:\/\/zjarr.tv\/en\/kujtim-gjuzi-mesazh-metes-ke-90-minuta-kohe-te-japesh-doreheqjen-me-nder\/","title":{"rendered":"Kujtim Gjuzi mesazh Met\u00ebs: Ke 90 minuta koh\u00eb t\u00eb jap\u00ebsh dor\u00ebheqjen me nder"},"content":{"rendered":"<p style=\"background: white; margin: 0in 0in 19.5pt 0in;\"><span style=\"color: #222222;\">Deputeti Kujtim Gjuzi, ka folur nga Kuvendi, ku po mbahet seanca p\u00ebr shkarkimin e Presidentit, duke i p\u00ebrcjell\u00eb nj\u00eb mesazh Ilir Met\u00ebs.<\/span><\/p>\n<p style=\"background: white; -webkit-tap-highlight-color: transparent !important; box-sizing: border-box; overflow-wrap: break-word; font-variant-ligatures: normal; font-variant-caps: normal; orphans: 2; widows: 2; -webkit-text-stroke-width: 0px; text-decoration-thickness: initial; text-decoration-style: initial; text-decoration-color: initial; word-spacing: 0px; margin: 0in 0in 19.5pt 0in;\"><span style=\"color: #222222;\">Gjuzi u shpreh disa here, se i ka k\u00ebrkuar Met\u00ebs t\u00eb jap\u00eb dor\u00ebheqje dhe q\u00eb mos vendoste Kuvendin n\u00eb v\u00ebshir\u00ebsi.\u00a0 Ai ka th\u00ebn\u00eb se Meta ka koh\u00eb dhe 90 minuta, p\u00ebr t\u00eb dh\u00ebn\u00eb dor\u00ebheqjen me nder, para se Kuvendi ta shkarkoj\u00eb.<\/span><\/p>\n<p style=\"background: white; -webkit-tap-highlight-color: transparent !important; box-sizing: border-box; overflow-wrap: break-word; font-variant-ligatures: normal; font-variant-caps: normal; orphans: 2; widows: 2; -webkit-text-stroke-width: 0px; text-decoration-thickness: initial; text-decoration-style: initial; text-decoration-color: initial; word-spacing: 0px; margin: 0in 0in 19.5pt 0in;\"><span style=\"color: #222222;\">\u201cIlir Meta u b\u00eb President, u b\u00eb kryetar kuvendi, u b\u00eb kryeminist\u00ebr, \u00ebsht\u00eb njeriu i vet\u00ebm n\u00eb Shqip\u00ebri q\u00eb ka marr\u00eb tre postet e larta. Disa her\u00eb i kam k\u00ebrkuar t\u00eb dor\u00ebhiqej dhe t\u00eb mos na vinte n\u00eb pozicion t\u00eb v\u00ebshtir\u00eb. Zoti president a e kuptoni q\u00eb ju nuk njoh\u00ebt at\u00eb q\u00eb duhet t\u00eb njihnit, at\u00eb q\u00eb ju ka b\u00ebr\u00eb ju president. Duke u b\u00ebr\u00eb president nga Maxhoranca, ju duhet t\u00eb kishit bot\u00ebkuptim m\u00eb t\u00eb gjer\u00eb se sa marr\u00ebdh\u00ebnia tuaj me Ram\u00ebn dhe Tadi\u00e7 n\u00eb 2013-\u00ebn n\u00eb Shkod\u00ebr. Pse fut hund\u00ebt n\u00eb zgjedhje?<\/span><\/p>\n<p style=\"background: white; -webkit-tap-highlight-color: transparent !important; box-sizing: border-box; overflow-wrap: break-word; font-variant-ligatures: normal; font-variant-caps: normal; orphans: 2; widows: 2; -webkit-text-stroke-width: 0px; text-decoration-thickness: initial; text-decoration-style: initial; text-decoration-color: initial; word-spacing: 0px; margin: 0in 0in 19.5pt 0in;\"><span style=\"color: #222222;\">Megjith\u00ebse un\u00eb nuk shoh shkelje t\u00eb kushtetut\u00ebs, amo ti e ke bo borxh, sepse nuk thot\u00eb presidenti t\u00eb marri sfurkun dhe t\u00eb dalim p\u00ebrpara. Kujt t\u2019i dalim v\u00ebllait ton\u00eb? N\u00ebse sot duhet t\u00eb ikni, keni akoma koh\u00eb me or\u00ebn time 90 minuta. Nj\u00eb dor\u00ebheqje ju v\u00eb n\u00eb nder. Presidenti n\u00ebse \u00ebsht\u00eb ai qytetari t\u00eb jap\u00eb dor\u00ebhqejen,\u201d tha Gjuzi nd\u00ebr t\u00eb tjera.<\/span><\/p>","protected":false},"excerpt":{"rendered":"<p>Deputeti Kujtim Gjuzi, ka folur nga Kuvendi, ku po mbahet seanca p\u00ebr shkarkimin e Presidentit, duke i p\u00ebrcjell\u00eb nj\u00eb mesazh Ilir Met\u00ebs. Gjuzi u shpreh disa here, se i ka k\u00ebrkuar Met\u00ebs t\u00eb jap\u00eb dor\u00ebheqje dhe q\u00eb mos vendoste Kuvendin n\u00eb v\u00ebshir\u00ebsi.\u00a0 Ai ka th\u00ebn\u00eb se Meta ka koh\u00eb dhe 90 minuta, p\u00ebr t\u00eb dh\u00ebn\u00eb [&hellip;]<\/p>\n","protected":false},"author":2016,"featured_media":187491,"comment_status":"closed","ping_status":"closed","sticky":false,"template":"","format":"standard","meta":{"footnotes":""},"categories":[241,1454],"tags":[3679],"class_list":{"0":"post-187489","1":"post","2":"type-post","3":"status-publish","4":"format-standard","5":"has-post-thumbnail","7":"category-aktualitet","8":"category-politike","9":"tag-lajme-zjarr-gjuzi-mesazh-metes-zjarr-tv"},"_links":{"self":[{"href":"https:\/\/zjarr.tv\/en\/wp-json\/wp\/v2\/posts\/187489","targetHints":{"allow":["GET"]}}],"collection":[{"href":"https:\/\/zjarr.tv\/en\/wp-json\/wp\/v2\/posts"}],"about":[{"href":"https:\/\/zjarr.tv\/en\/wp-json\/wp\/v2\/types\/post"}],"author":[{"embeddable":true,"href":"https:\/\/zjarr.tv\/en\/wp-json\/wp\/v2\/users\/2016"}],"replies":[{"embeddable":true,"href":"https:\/\/zjarr.tv\/en\/wp-json\/wp\/v2\/comments?post=187489"}],"version-history":[{"count":0,"href":"https:\/\/zjarr.tv\/en\/wp-json\/wp\/v2\/posts\/187489\/revisions"}],"wp:featuredmedia":[{"embeddable":true,"href":"https:\/\/zjarr.tv\/en\/wp-json\/wp\/v2\/media\/187491"}],"wp:attachment":[{"href":"https:\/\/zjarr.tv\/en\/wp-json\/wp\/v2\/media?parent=187489"}],"wp:term":[{"taxonomy":"category","embeddable":true,"href":"https:\/\/zjarr.tv\/en\/wp-json\/wp\/v2\/categories?post=187489"},{"taxonomy":"post_tag","embeddable":true,"href":"https:\/\/zjarr.tv\/en\/wp-json\/wp\/v2\/tags?post=187489"}],"curies":[{"name":"wp","href":"https:\/\/api.w.org\/{rel}","templated":true}]}}