{"id":187492,"date":"2021-06-09T13:23:57","date_gmt":"2021-06-09T11:23:57","guid":{"rendered":"https:\/\/zjarr.tv\/?p=187492"},"modified":"2021-06-09T13:23:57","modified_gmt":"2021-06-09T11:23:57","slug":"ylli-manjani-reagon-per-shkarkimin-e-voltana-ademit-ta-marrin-dhe-ti-pijne-lengun-kjo-eshte-e-vetmja-gje-qe-ka-rendesi","status":"publish","type":"post","link":"https:\/\/zjarr.tv\/en\/ylli-manjani-reagon-per-shkarkimin-e-voltana-ademit-ta-marrin-dhe-ti-pijne-lengun-kjo-eshte-e-vetmja-gje-qe-ka-rendesi\/","title":{"rendered":"Ylli Manjani reagon p\u00ebr shkarkimin e Voltana Ademit: T\u2019a marrin dhe t\u2019i pijn\u00eb l\u00ebngun, kjo \u00ebsht\u00eb e vetmja gj\u00eb q\u00eb ka r\u00ebnd\u00ebsi\u2026"},"content":{"rendered":"<p>Avokati Ylli Manjani, ka reaguar lidhur me shkarkimin e Voltana Ademit si kryetare e Shoqat\u00ebs s\u00eb Bashkive.<\/p>\n<p><strong style=\"font-style: inherit;\">Postimi i Manjanit:<\/strong><\/p>\n<p><em style=\"font-weight: inherit;\">\u201cDmth, ajo Shoqata e Bashkive n\u00eb kushtet e monizmit nuk i duhet as dreqit.<\/em><\/p>\n<p><em style=\"font-weight: inherit;\">Se kush \u00ebsht\u00eb emri i monistit q\u00eb e drejton, ska asnj\u00eb r\u00ebnd\u00ebsi. <\/em><em style=\"font-weight: inherit;\">T\u00eb vetmen r\u00ebnd\u00ebsi q\u00eb ka, dmth kishte, \u00ebsht\u00eb ndjekja deri n\u00eb fund e padis\u00eb n\u00eb Gjykat\u00ebn Kushtetuese. Detyr\u00eb t\u00eb cil\u00ebn shoqata e kreu dhe nuk ka se si ta zhb\u00ebj\u00eb, sepse e ka n\u00eb dor\u00eb vet\u00eb gjykata tashm\u00eb.<\/em><\/p>\n<p><em style=\"font-weight: inherit;\"> Pra me pak fjal\u00eb Gjykata duhet t\u00eb shqyrtoj\u00eb ligjshm\u00ebrin\u00eb e atyre t\u00eb votuarve lokal\u00eb, q\u00eb dje b\u00ebn\u00eb lajme se mor\u00ebn shoqat\u00ebn.<\/em><\/p>\n<p><em style=\"font-weight: inherit;\">Shoqat\u00ebn ta marrin e ti pijn\u00eb l\u00ebngun, se ska m\u00eb asnj\u00eb interes. Q\u00eb ajo, shoqata pra, do rris\u00eb demokracion\u00eb lokale \u00ebsht\u00eb fiksion dhe totalisht qesharake n\u00eb k\u00ebto kushte\u201d,<\/em>\u00a0shkruan Manjani.<\/p>\n<p>&nbsp;<\/p>","protected":false},"excerpt":{"rendered":"<p>Avokati Ylli Manjani, ka reaguar lidhur me shkarkimin e Voltana Ademit si kryetare e Shoqat\u00ebs s\u00eb Bashkive. Postimi i Manjanit: \u201cDmth, ajo Shoqata e Bashkive n\u00eb kushtet e monizmit nuk i duhet as dreqit. Se kush \u00ebsht\u00eb emri i monistit q\u00eb e drejton, ska asnj\u00eb r\u00ebnd\u00ebsi. T\u00eb vetmen r\u00ebnd\u00ebsi q\u00eb ka, dmth kishte, \u00ebsht\u00eb ndjekja [&hellip;]<\/p>\n","protected":false},"author":2016,"featured_media":187494,"comment_status":"closed","ping_status":"closed","sticky":false,"template":"","format":"standard","meta":{"footnotes":""},"categories":[241],"tags":[3608],"class_list":{"0":"post-187492","1":"post","2":"type-post","3":"status-publish","4":"format-standard","5":"has-post-thumbnail","7":"category-aktualitet","8":"tag-lajme-zjarr-ylli-manjani-zjarr-tv"},"_links":{"self":[{"href":"https:\/\/zjarr.tv\/en\/wp-json\/wp\/v2\/posts\/187492","targetHints":{"allow":["GET"]}}],"collection":[{"href":"https:\/\/zjarr.tv\/en\/wp-json\/wp\/v2\/posts"}],"about":[{"href":"https:\/\/zjarr.tv\/en\/wp-json\/wp\/v2\/types\/post"}],"author":[{"embeddable":true,"href":"https:\/\/zjarr.tv\/en\/wp-json\/wp\/v2\/users\/2016"}],"replies":[{"embeddable":true,"href":"https:\/\/zjarr.tv\/en\/wp-json\/wp\/v2\/comments?post=187492"}],"version-history":[{"count":0,"href":"https:\/\/zjarr.tv\/en\/wp-json\/wp\/v2\/posts\/187492\/revisions"}],"wp:featuredmedia":[{"embeddable":true,"href":"https:\/\/zjarr.tv\/en\/wp-json\/wp\/v2\/media\/187494"}],"wp:attachment":[{"href":"https:\/\/zjarr.tv\/en\/wp-json\/wp\/v2\/media?parent=187492"}],"wp:term":[{"taxonomy":"category","embeddable":true,"href":"https:\/\/zjarr.tv\/en\/wp-json\/wp\/v2\/categories?post=187492"},{"taxonomy":"post_tag","embeddable":true,"href":"https:\/\/zjarr.tv\/en\/wp-json\/wp\/v2\/tags?post=187492"}],"curies":[{"name":"wp","href":"https:\/\/api.w.org\/{rel}","templated":true}]}}