{"id":187498,"date":"2021-06-09T13:47:20","date_gmt":"2021-06-09T11:47:20","guid":{"rendered":"https:\/\/zjarr.tv\/?p=187498"},"modified":"2021-06-09T13:47:20","modified_gmt":"2021-06-09T11:47:20","slug":"elisa-spiropali-meta-e-ka-derdhur-kupen-sjemi-mbledhur-per-ta-pushkatuar-por-per-ta-larguar","status":"publish","type":"post","link":"https:\/\/zjarr.tv\/en\/elisa-spiropali-meta-e-ka-derdhur-kupen-sjemi-mbledhur-per-ta-pushkatuar-por-per-ta-larguar\/","title":{"rendered":"Elisa Spiropali: Meta e ka derdhur kup\u00ebn, s\u2019jemi mbledhur p\u00ebr ta pushkatuar, por p\u00ebr ta larguar"},"content":{"rendered":"<p style=\"margin-top: 0in; background: white;\"><span style=\"color: #212529;\">Teksa sot do t\u00eb votohet shkarkimi i presidentit Ilir Meta, Elisa Spiropali ka renditur sipas saj shkeljet e kreut t\u00eb shtetit.<\/span><\/p>\n<p style=\"margin-top: 0in; background: white; box-sizing: border-box; margin-bottom: 1rem; font-variant-ligatures: normal; font-variant-caps: normal; orphans: 2; widows: 2; -webkit-text-stroke-width: 0px; text-decoration-thickness: initial; text-decoration-style: initial; text-decoration-color: initial; word-spacing: 0px;\"><span style=\"color: #212529;\">Nga foltorja e Kuvendit, Spiropali u shpreh\u00a0 se Meta nuk b\u00ebri lapsuse, por nuk la gabim pa b\u00ebr\u00eb. Ministrja tha se sot do t\u00eb votojn\u00eb p\u00ebr zbritjen e tij nga karrigia e lart\u00eb shtet\u00ebrore.<\/span><\/p>\n<p style=\"margin-top: 0in; background: white; box-sizing: border-box; margin-bottom: 1rem; font-variant-ligatures: normal; font-variant-caps: normal; orphans: 2; widows: 2; -webkit-text-stroke-width: 0px; text-decoration-thickness: initial; text-decoration-style: initial; text-decoration-color: initial; word-spacing: 0px;\"><em style=\"box-sizing: border-box;\"><span style=\"color: #212529;\">\u201cPresidenti nuk b\u00ebri nja dy a tre ofendime, shitje a lajthitje. As nuk h\u00ebngri dhe b\u00ebri th\u00ebrrime, apo punoi dhe b\u00ebri gabime. Po t\u00eb ishin lapsuse askush nuk do ia vinte re. Nuk la gabim pa b\u00ebr\u00eb. Rasti nuk \u00ebsht\u00eb i zakonsh\u00ebm, problemi i presidenti \u00ebsht\u00eb i r\u00ebnd\u00eb, ndoshta klinik dhe me pasoja. Q\u00eb mund t\u00eb ndreqet vet\u00ebm me masa ligjore. Kemi arsye t\u00eb mjaftueshme. Faktet dhe provat p\u00ebr veprimet dhe sjelljet e tij, na i ka dh\u00ebn\u00eb vet\u00eb presidenti. Nuk kan\u00eb t\u00eb num\u00ebruar, b\u00ebmat, gj\u00ebrat, ul\u00ebrimat,\u00a0 klithmat e presidentit ton\u00eb. Presidenti u ka fyer shqiptar\u00ebve inteligjenc\u00ebn. \u00cbsht\u00eb autor i mesazhe q\u00eb frym\u00ebzonte daljen n\u00eb rrug\u00eb t\u00eb militant\u00ebve.<\/span><\/em><\/p>\n<p style=\"margin-top: 0in; background: white; box-sizing: border-box; margin-bottom: 1rem; font-variant-ligatures: normal; font-variant-caps: normal; orphans: 2; widows: 2; -webkit-text-stroke-width: 0px; text-decoration-thickness: initial; text-decoration-style: initial; text-decoration-color: initial; word-spacing: 0px;\"><em style=\"box-sizing: border-box;\"><span style=\"color: #212529;\">Mesazhet denigruese ndaj diplomat\u00ebve t\u00eb huaj si njer\u00ebz t\u00eb shitur dhe t\u00eb bler\u00eb, duke na rrezikuar marr\u00ebdh\u00ebniet me partner\u00ebt \u00ebsht\u00eb tjet\u00ebr veprim me pasoja t\u00eb r\u00ebnda. Detyroi ambasadoren ti drejtohet hapur p\u00ebr ti k\u00ebshilluar vet\u00ebp\u00ebrmbajtje. \u00cbsht\u00eb vet\u00ebshpallur p\u00ebrfaq\u00ebsues i nj\u00eb pjes\u00eb t\u00eb popullit. Presidenti ka d\u00ebmtuar autoritetin kushtetues t\u00eb kreut t\u00eb shtetit. Duke refuzuar an\u00ebtar\u00eb t\u00eb sistemit gjyq\u00ebsore, duke mos em\u00ebruar funksionar\u00eb shtet\u00ebror\u00eb. Me nd\u00ebrgjegje t\u00eb plot\u00eb k\u00eb d\u00ebmtuar r\u00ebnd\u00eb marr\u00ebdh\u00ebniet institucionale. Me sjelljen e tij t\u00eb \u00e7ekuilibruar, gjuh\u00ebn e padenj\u00eb.<\/span><\/em><\/p>\n<p style=\"margin-top: 0in; background: white; box-sizing: border-box; margin-bottom: 1rem; font-variant-ligatures: normal; font-variant-caps: normal; orphans: 2; widows: 2; -webkit-text-stroke-width: 0px; text-decoration-thickness: initial; text-decoration-style: initial; text-decoration-color: initial; word-spacing: 0px;\"><em style=\"box-sizing: border-box;\"><span style=\"color: #212529;\">Presidenti ka shkelur nj\u00eb num\u00ebr her\u00ebsh t\u00eb drejtat dhe lirit\u00eb themelore t\u00eb njeriut. Ka denigruar qeverin\u00eb dhe opozit\u00ebn parlamentare, duke p\u00ebrhapur akuza t\u00eb rreme p\u00ebr nd\u00ebrhyrje n\u00eb pun\u00ebt e brendshme. Presidenti ka nd\u00ebrmarr\u00eb akuza publike kund\u00ebr ambasad\u00ebs s\u00eb SHBA. Ka mbajtur q\u00ebndrime publike ofensive edhe kund\u00ebr p\u00ebrfaq\u00ebsuesve t\u00eb tjer\u00eb t\u00eb huaj duke i akuzuar si t\u00eb korruptuar. Presidenti yn\u00eb kup\u00ebn nuk e ka mbushur, e ka derdhur.<\/span><\/em><\/p>\n<p style=\"margin-top: 0in; background: white; box-sizing: border-box; margin-bottom: 1rem; font-variant-ligatures: normal; font-variant-caps: normal; orphans: 2; widows: 2; -webkit-text-stroke-width: 0px; text-decoration-thickness: initial; text-decoration-style: initial; text-decoration-color: initial; word-spacing: 0px;\"><em style=\"box-sizing: border-box;\"><span style=\"color: #212529;\">Me k\u00ebt\u00eb apo n\u00eb k\u00ebt\u00eb m\u00ebnyr\u00eb me ceremoni apo duke i hequr zvarr\u00eb shqiptar\u00ebt i kan\u00eb hequr qafet. Nuk jemi mbledhur q\u00eb presidentin ta shajm\u00eb dhe ta pushkatojm\u00eb, por thjesht\u00eb ta largojm\u00eb. Aq e ka tepruar sa n\u00eb k\u00ebt\u00eb sall\u00eb t\u00eb ishte i gjith\u00eb populli s\u2019do kishte mbetur kush pa i dh\u00ebn\u00eb leksion e plot\u00eb. Zbritjen nga karrigia e lart\u00eb q\u00eb e p\u00ebrdhosi. Mos u takofshin kurr\u00eb n\u00eb raste si ky i sotmi,\u201d<\/span><\/em><span style=\"color: #212529;\">\u00a0deklaroi Spiropali.<\/span><\/p>","protected":false},"excerpt":{"rendered":"<p>Teksa sot do t\u00eb votohet shkarkimi i presidentit Ilir Meta, Elisa Spiropali ka renditur sipas saj shkeljet e kreut t\u00eb shtetit. Nga foltorja e Kuvendit, Spiropali u shpreh\u00a0 se Meta nuk b\u00ebri lapsuse, por nuk la gabim pa b\u00ebr\u00eb. Ministrja tha se sot do t\u00eb votojn\u00eb p\u00ebr zbritjen e tij nga karrigia e lart\u00eb shtet\u00ebrore. [&hellip;]<\/p>\n","protected":false},"author":2016,"featured_media":187500,"comment_status":"closed","ping_status":"closed","sticky":false,"template":"","format":"standard","meta":{"footnotes":""},"categories":[241,1454],"tags":[3680],"class_list":{"0":"post-187498","1":"post","2":"type-post","3":"status-publish","4":"format-standard","5":"has-post-thumbnail","7":"category-aktualitet","8":"category-politike","9":"tag-lajme-zjarr-elisa-spiropali-zjarr-tv"},"_links":{"self":[{"href":"https:\/\/zjarr.tv\/en\/wp-json\/wp\/v2\/posts\/187498","targetHints":{"allow":["GET"]}}],"collection":[{"href":"https:\/\/zjarr.tv\/en\/wp-json\/wp\/v2\/posts"}],"about":[{"href":"https:\/\/zjarr.tv\/en\/wp-json\/wp\/v2\/types\/post"}],"author":[{"embeddable":true,"href":"https:\/\/zjarr.tv\/en\/wp-json\/wp\/v2\/users\/2016"}],"replies":[{"embeddable":true,"href":"https:\/\/zjarr.tv\/en\/wp-json\/wp\/v2\/comments?post=187498"}],"version-history":[{"count":0,"href":"https:\/\/zjarr.tv\/en\/wp-json\/wp\/v2\/posts\/187498\/revisions"}],"wp:featuredmedia":[{"embeddable":true,"href":"https:\/\/zjarr.tv\/en\/wp-json\/wp\/v2\/media\/187500"}],"wp:attachment":[{"href":"https:\/\/zjarr.tv\/en\/wp-json\/wp\/v2\/media?parent=187498"}],"wp:term":[{"taxonomy":"category","embeddable":true,"href":"https:\/\/zjarr.tv\/en\/wp-json\/wp\/v2\/categories?post=187498"},{"taxonomy":"post_tag","embeddable":true,"href":"https:\/\/zjarr.tv\/en\/wp-json\/wp\/v2\/tags?post=187498"}],"curies":[{"name":"wp","href":"https:\/\/api.w.org\/{rel}","templated":true}]}}