{"id":187502,"date":"2021-06-09T14:00:31","date_gmt":"2021-06-09T12:00:31","guid":{"rendered":"https:\/\/zjarr.tv\/?p=187502"},"modified":"2021-06-09T14:00:31","modified_gmt":"2021-06-09T12:00:31","slug":"murrizi-deklaron-voten-e-tij-dhe-ben-paralajmerimin-e-forte-ngjarje-te-renda-do-ndodhin-ne-shtator-po-ra-zjarr-te-vilat-e-teg-ut-do-te-shkoje-deri","status":"publish","type":"post","link":"https:\/\/zjarr.tv\/en\/murrizi-deklaron-voten-e-tij-dhe-ben-paralajmerimin-e-forte-ngjarje-te-renda-do-ndodhin-ne-shtator-po-ra-zjarr-te-vilat-e-teg-ut-do-te-shkoje-deri\/","title":{"rendered":"Murrizi deklaron vot\u00ebn e tij dhe b\u00ebn paralajm\u00ebrimin e fort\u00eb: Ngjarje t\u00eb r\u00ebnda do ndodhin n\u00eb Shtator, po ra zjarr te vilat e TEG-ut, do t\u00eb shkoj\u00eb deri\u2026"},"content":{"rendered":"<p style=\"line-height: 19.5pt; background: white; margin: 0in 0in 18.75pt 0in;\"><span style=\"color: #2c2f34;\">Myslim Murrizi<\/span><\/p>\n<p style=\"line-height: 19.5pt; background: white; outline: none; box-sizing: border-box; font-variant-ligatures: normal; font-variant-caps: normal; orphans: 2; text-align: start; widows: 2; -webkit-text-stroke-width: 0px; text-decoration-thickness: initial; text-decoration-style: initial; text-decoration-color: initial; word-spacing: 0px; margin: 0in 0in 18.75pt 0in;\"><span style=\"color: #2c2f34;\">\u201cJu e em\u00ebroni. N\u00eb 2009-2013, ju filluat t\u2019i thonit atij dosja e famshme, videoja e Dritan Priftit. Erdhi n\u00eb 2013, ju e mor\u00ebt n\u00eb preh\u00ebr. Ata i than\u00eb iniciuesi i traziave, i Gjirit t\u00eb Lal\u00ebzit. Kam qen\u00eb un\u00eb k\u00ebtu kur i k\u00ebrkonin dor\u00ebheqjen e Met\u00ebs. Un\u00eb jam i dyzuar, kam qen\u00eb i dyzuar gjith\u00eb koh\u00ebs. Meta \u00ebsht\u00eb streha e fundit e maskarenjve thoshte Lulzim Basha, kryetari i partis\u00eb TIME.<\/span><\/p>\n<p style=\"line-height: 19.5pt; background: white; outline: none; box-sizing: border-box; font-variant-ligatures: normal; font-variant-caps: normal; orphans: 2; text-align: start; widows: 2; -webkit-text-stroke-width: 0px; text-decoration-thickness: initial; text-decoration-style: initial; text-decoration-color: initial; word-spacing: 0px; margin: 0in 0in 18.75pt 0in;\"><span style=\"color: #2c2f34;\">Kur e votojn\u00eb k\u00ebta q\u00eb e kan\u00eb pasur shok, po un\u00eb ca takirati kam, un\u00eb e kam pasur 30 vite kund\u00ebrshtar. Ah sa jam knaq mrom me urdhrin ekzekutiv, n\u00ebse rras edhe dy urdh\u00ebra t\u00eb tjer\u00eb do b\u00ebhem tifoz tij. Shpresoj shum\u00eb q\u00eb mos t\u00eb mbaroj\u00eb me kaq.<\/span><\/p>\n<p style=\"line-height: 19.5pt; background: white; outline: none; box-sizing: border-box; font-variant-ligatures: normal; font-variant-caps: normal; orphans: 2; text-align: start; widows: 2; -webkit-text-stroke-width: 0px; text-decoration-thickness: initial; text-decoration-style: initial; text-decoration-color: initial; word-spacing: 0px; margin: 0in 0in 18.75pt 0in;\"><span style=\"color: #2c2f34;\">Kur t\u2019i shikosh t\u00eb gjith\u00eb si zog korbi me vrap te Arben Kraja. Kur t\u2019i shoh\u00ebsh t\u00eb veshur e t\u00eb zhveshur n\u00eb hotelet q\u00eb kan\u00eb n\u00ebp\u00ebr SHBA e n\u00ebp\u00ebr vendet ish-jugosllave.<\/span><\/p>\n<p style=\"line-height: 19.5pt; background: white; outline: none; box-sizing: border-box; font-variant-ligatures: normal; font-variant-caps: normal; orphans: 2; text-align: start; widows: 2; -webkit-text-stroke-width: 0px; text-decoration-thickness: initial; text-decoration-style: initial; text-decoration-color: initial; word-spacing: 0px; margin: 0in 0in 18.75pt 0in;\"><span style=\"color: #2c2f34;\">Zoti ua shtoft\u00eb intatin mes nj\u00ebri-tjetrit, e keni pasur q\u00eb prej 98. Un\u00eb uroj t\u00eb b\u00ebhet m\u00eb e mira p\u00ebr shqiptar\u00ebt, ka 2 milion shqiptar\u00eb q\u00eb kan\u00eb ikur e kan\u00eb mbetur pa pun\u00eb p\u00ebr hat\u00ebr t\u00eb k\u00ebtyre.<\/span><\/p>\n<p style=\"margin: 0in; line-height: 19.5pt; background: white; outline: none; box-sizing: border-box; font-variant-ligatures: normal; font-variant-caps: normal; orphans: 2; text-align: start; widows: 2; -webkit-text-stroke-width: 0px; text-decoration-thickness: initial; text-decoration-style: initial; text-decoration-color: initial; word-spacing: 0px;\"><span style=\"color: #2c2f34;\">K\u00ebta t\u00eb nd\u00ebrmarrjes tate, aspirues t\u00eb dekretit imagjinar, a do t\u2019a votojn\u00eb a jo? Pallavrat se ky kuvend \u00ebsht\u00eb legjitim apo jo le t\u2019a gjykojn\u00eb shqiptar\u00ebt pas tetorit kur ngjarje t\u00eb tjera shum\u00eb ngjarje t\u00eb r\u00ebnda kan\u00eb p\u00ebr t\u00eb ndodhur. T\u00eb gjejn\u00eb vrim\u00eb e t\u00eb futen e ti marrin parat\u00eb e t\u00eb futen ku t\u00eb munden n\u00eb qilar. Po at\u00eb q\u00eb b\u00ebri Biden do t\u2019a b\u00ebj\u00eb edhe Bashkimi Europian pas tetorit e n\u00ebntorit. Po ra zjarr pas vilave t\u00eb TEG-ut aroma do shkoj\u00eb deri n\u00eb Koplik\u201d.<\/span><\/p>","protected":false},"excerpt":{"rendered":"<p>Myslim Murrizi \u201cJu e em\u00ebroni. N\u00eb 2009-2013, ju filluat t\u2019i thonit atij dosja e famshme, videoja e Dritan Priftit. Erdhi n\u00eb 2013, ju e mor\u00ebt n\u00eb preh\u00ebr. Ata i than\u00eb iniciuesi i traziave, i Gjirit t\u00eb Lal\u00ebzit. Kam qen\u00eb un\u00eb k\u00ebtu kur i k\u00ebrkonin dor\u00ebheqjen e Met\u00ebs. Un\u00eb jam i dyzuar, kam qen\u00eb i dyzuar [&hellip;]<\/p>\n","protected":false},"author":2016,"featured_media":187504,"comment_status":"closed","ping_status":"closed","sticky":false,"template":"","format":"standard","meta":{"footnotes":""},"categories":[241],"tags":[3681],"class_list":{"0":"post-187502","1":"post","2":"type-post","3":"status-publish","4":"format-standard","5":"has-post-thumbnail","7":"category-aktualitet","8":"tag-lajme-zjarr-murrizi-deklaron-voten-e-tij-zjarr-tv"},"_links":{"self":[{"href":"https:\/\/zjarr.tv\/en\/wp-json\/wp\/v2\/posts\/187502","targetHints":{"allow":["GET"]}}],"collection":[{"href":"https:\/\/zjarr.tv\/en\/wp-json\/wp\/v2\/posts"}],"about":[{"href":"https:\/\/zjarr.tv\/en\/wp-json\/wp\/v2\/types\/post"}],"author":[{"embeddable":true,"href":"https:\/\/zjarr.tv\/en\/wp-json\/wp\/v2\/users\/2016"}],"replies":[{"embeddable":true,"href":"https:\/\/zjarr.tv\/en\/wp-json\/wp\/v2\/comments?post=187502"}],"version-history":[{"count":0,"href":"https:\/\/zjarr.tv\/en\/wp-json\/wp\/v2\/posts\/187502\/revisions"}],"wp:featuredmedia":[{"embeddable":true,"href":"https:\/\/zjarr.tv\/en\/wp-json\/wp\/v2\/media\/187504"}],"wp:attachment":[{"href":"https:\/\/zjarr.tv\/en\/wp-json\/wp\/v2\/media?parent=187502"}],"wp:term":[{"taxonomy":"category","embeddable":true,"href":"https:\/\/zjarr.tv\/en\/wp-json\/wp\/v2\/categories?post=187502"},{"taxonomy":"post_tag","embeddable":true,"href":"https:\/\/zjarr.tv\/en\/wp-json\/wp\/v2\/tags?post=187502"}],"curies":[{"name":"wp","href":"https:\/\/api.w.org\/{rel}","templated":true}]}}